{"id":639778,"date":"2026-01-04T05:56:14","date_gmt":"2026-01-04T05:56:14","guid":{"rendered":"https:\/\/www.europesays.com\/fr\/639778\/"},"modified":"2026-01-04T05:56:14","modified_gmt":"2026-01-04T05:56:14","slug":"michael-ruru-de-retour-en-top-14-un-gros-club-francais-vise-le-demi-de-melee-de-vannes","status":"publish","type":"post","link":"https:\/\/www.europesays.com\/fr\/639778\/","title":{"rendered":"Michael Ruru de retour en Top 14 ? Un gros club fran\u00e7ais vise le demi de m\u00eal\u00e9e de Vannes"},"content":{"rendered":"<p style=\"text-align: justify;\"><strong>TRANSFERTS RUGBY \u2013 Selon <a href=\"https:\/\/www.rugbypass.com\/fr\/news\/michael-ruru-dans-le-viseur-de-pau-pour-remplacer-dan-robson\/?fbclid=IwY2xjawPF6DdleHRuA2FlbQIxMABicmlkETBRZlBWQ25vYzRjaEs3TDRpc3J0YwZhcHBfaWQQMjIyMDM5MTc4ODIwMDg5MgABHjZO9ijxCeBQph5RPlIZGNOUNo5cm_f0Y2HQV78UrHgziNUkyftoKmYPd173_aem_qaFqYLdxP3CwTSLeHejoSw\" target=\"_blank\" rel=\"noopener\">RugbyPass<\/a>, la Section Paloise souhaite recruter le demi de m\u00eal\u00e9e Michael Ruru (RC Vannes).<\/strong><\/p>\n<p style=\"text-align: justify;\">Le bon d\u00e9but de saison de <a href=\"https:\/\/dicodusport.fr\/blog\/tag\/section-paloise\/\" target=\"_blank\" rel=\"noopener\">Pau<\/a>, deuxi\u00e8me du Top 14 \u00e0 l\u2019heure o\u00f9 nous \u00e9crivons ces lignes, n\u2019emp\u00eache pas le club d\u2019avoir le regard tourn\u00e9 vers l\u2019avenir et la saison prochaine. On s\u2019active en coulisses chez les B\u00e9arnais pour tenter de boucler le recrutement. Notamment sur le poste de demi de m\u00eal\u00e9e. Pour rappel, Pau va perdre <strong>Dan Robson<\/strong>, <a href=\"https:\/\/dicodusport.fr\/blog\/dan-robson-est-convoite-linternational-anglais-va-t-il-quitter-pau\/\" target=\"_blank\" rel=\"noopener\">qui retourne en Angleterre du c\u00f4t\u00e9 de Gloucester<\/a>. Selon les informations de nos confr\u00e8res de Rugbypass, c\u2019est <strong>Michael Ruru<\/strong>, qui \u00e9volue en Pro D2 du c\u00f4t\u00e9 du <a href=\"https:\/\/dicodusport.fr\/blog\/tag\/rc-vannes\/\" target=\"_blank\" rel=\"noopener\">RC Vannes<\/a>, qui aurait la pr\u00e9f\u00e9rence des dirigeants palois.<\/p>\n<p>Huit essais en douze matchs de Pro D2 cette saison pour Michael Ruru<\/p>\n<p style=\"text-align: justify;\">Le tr\u00e8s exp\u00e9riment\u00e9 N\u00e9o-Z\u00e9landais de 35 ans conna\u00eet bien le rugby fran\u00e7ais, depuis son arriv\u00e9e en 2019 \u00e0 l\u2019Aviron Bayonnais. Il \u00e9volue au sein du <strong>RC Vannes<\/strong> depuis 2023 et \u00e9voluait encore en Top 14 avec les Bretons, la saison pass\u00e9e. Malgr\u00e9 un \u00e2ge avanc\u00e9, son d\u00e9but de saison semble attirer l\u2019\u0153il de Pau. Il faut dire qu\u2019il a d\u00e9j\u00e0 inscrit 8 essais en 12 matchs de Pro D2 cette saison. Dont trois doubl\u00e9s. C\u2019est surtout un joueur capable de trouver les intervalles et qui dynamise le jeu.<\/p>\n<p style=\"text-align: justify;\">Au-del\u00e0 de ses essais, <strong>Michael Ruru<\/strong> est un des grands artisans du d\u00e9but de saison r\u00e9ussi des Bretons, <a href=\"https:\/\/dicodusport.fr\/blog\/classement-actualise-pro-d2-saison-2025-2026\/\" target=\"_blank\" rel=\"noopener\">qui caracolent en t\u00eate de la Pro D2<\/a>. Pour le demi-de-m\u00eal\u00e9e, cela peut repr\u00e9senter un sacr\u00e9 ultime d\u00e9fi dans sa carri\u00e8re, avec la perspective de disputer la Champions Cup, si Pau continue sur sa lanc\u00e9e cette saison.<\/p>\n<p>\u00c0 lire aussi<br \/>\n<a href=\"https:\/\/dicodusport.fr\/blog\/jean-luc-du-preez-va-faire-des-debuts-attendus-le-springbok-peut-il-stabiliser-le-pack-de-lubb\/\" class=\"vlp-link\" title=\"Jean-Luc du Preez va faire des d\u00e9buts attendus : le Springbok peut-il stabiliser le pack de l&#039;UBB ?\" target=\"_blank\" rel=\"noopener\"><img loading=\"lazy\" decoding=\"async\" style=\"max-width: 792px;\" width=\"792\" height=\"445\" class=\"attachment-800x445 size-800x445 perfmatters-lazy\" alt=\"Jean-Luc Du Preez va faire des d\u00e9buts attendus : le Springbok peut-il stabiliser le pack de l'UBB ?\" src=\"https:\/\/www.europesays.com\/fr\/wp-content\/uploads\/2026\/01\/Jean-Luc-Du-Preez-va-faire-des-debuts-attendus-le-Springbok-peut-il-stabiliser-le-pack.png\"  data-\/><\/p>\n<p>Jean-Luc du Preez va faire des d\u00e9buts attendus : le Springbok peut-il stabiliser le pack de l&rsquo;UBB ?<\/p>\n<p>TOP 14 2025\/2026 \u2013 Indisponible depuis son arriv\u00e9e, l\u2019international sud-africain Jean-Luc du Preez va effectuer ses d\u00e9buts avec l\u2019UBB samedi soir.<\/p>\n<p>Lire l&rsquo;article<\/p>\n<p>dicodusport.fr<\/p>\n","protected":false},"excerpt":{"rendered":"TRANSFERTS RUGBY \u2013 Selon RugbyPass, la Section Paloise souhaite recruter le demi de m\u00eal\u00e9e Michael Ruru (RC Vannes).&hellip;\n","protected":false},"author":2,"featured_media":639779,"comment_status":"","ping_status":"","sticky":false,"template":"","format":"standard","meta":{"footnotes":""},"categories":[1416],"tags":[2113,1011,27,2308,3164,479,1468,12098,60,478,477],"class_list":{"0":"post-639778","1":"post","2":"type-post","3":"status-publish","4":"format-standard","5":"has-post-thumbnail","7":"category-rugby","8":"tag-breve","9":"tag-fr","10":"tag-france","11":"tag-pro-d2","12":"tag-rc-vannes","13":"tag-rugby","14":"tag-rugby-football","15":"tag-section-paloise","16":"tag-sports","17":"tag-top-14","18":"tag-transferts-rugby"},"share_on_mastodon":{"url":"https:\/\/pubeurope.com\/@fr\/115835291865761668","error":""},"_links":{"self":[{"href":"https:\/\/www.europesays.com\/fr\/wp-json\/wp\/v2\/posts\/639778","targetHints":{"allow":["GET"]}}],"collection":[{"href":"https:\/\/www.europesays.com\/fr\/wp-json\/wp\/v2\/posts"}],"about":[{"href":"https:\/\/www.europesays.com\/fr\/wp-json\/wp\/v2\/types\/post"}],"author":[{"embeddable":true,"href":"https:\/\/www.europesays.com\/fr\/wp-json\/wp\/v2\/users\/2"}],"replies":[{"embeddable":true,"href":"https:\/\/www.europesays.com\/fr\/wp-json\/wp\/v2\/comments?post=639778"}],"version-history":[{"count":0,"href":"https:\/\/www.europesays.com\/fr\/wp-json\/wp\/v2\/posts\/639778\/revisions"}],"wp:featuredmedia":[{"embeddable":true,"href":"https:\/\/www.europesays.com\/fr\/wp-json\/wp\/v2\/media\/639779"}],"wp:attachment":[{"href":"https:\/\/www.europesays.com\/fr\/wp-json\/wp\/v2\/media?parent=639778"}],"wp:term":[{"taxonomy":"category","embeddable":true,"href":"https:\/\/www.europesays.com\/fr\/wp-json\/wp\/v2\/categories?post=639778"},{"taxonomy":"post_tag","embeddable":true,"href":"https:\/\/www.europesays.com\/fr\/wp-json\/wp\/v2\/tags?post=639778"}],"curies":[{"name":"wp","href":"https:\/\/api.w.org\/{rel}","templated":true}]}}