{"id":639780,"date":"2026-01-04T05:57:16","date_gmt":"2026-01-04T05:57:16","guid":{"rendered":"https:\/\/www.europesays.com\/fr\/639780\/"},"modified":"2026-01-04T05:57:16","modified_gmt":"2026-01-04T05:57:16","slug":"la-france-sincline-des-son-premier-match-face-a-la-suisse-en-united-cup","status":"publish","type":"post","link":"https:\/\/www.europesays.com\/fr\/639780\/","title":{"rendered":"la France s\u2019incline d\u00e8s son premier match face \u00e0 la Suisse en United Cup"},"content":{"rendered":"<p>\n    L\u2019\u00e9quipe de France a manqu\u00e9 son entr\u00e9e en United Cup en s\u2019inclinant 3-0 face \u00e0 la Suisse ce samedi.<\/p>\n<p class=\"fig-paragraph\">L&rsquo;\u00e9quipe de France de\u00a0<a href=\"https:\/\/www.lefigaro.fr\/sports\/tennis\" target=\"_blank\" data-fig-type=\"Section\" rel=\"sponsored noopener\" data-gtm-custom-categorie=\"navigation\" data-gtm-custom-action=\"crossclick\" data-gtm-custom-label=\"Contextuel\" data-gtm-event=\"customEventSPE\" data-fig-domain=\"LEFIGARO\">tennis\u00a0<\/a>s&rsquo;est inclin\u00e9e d&rsquo;entr\u00e9e samedi face \u00e0 la Suisse (3-0) lors de la United Cup, une comp\u00e9tition mixte par \u00e9quipes nationales disput\u00e9e \u00e0 Perth et Sydney.<\/p>\n<p class=\"fig-paragraph\">L\u00e9olia Jeanjean (103e), qui avait remplac\u00e9 Lo\u00efs Boisson, bless\u00e9e \u00e0 un genou, a \u00e9t\u00e9 battue par Belinda Bencic, 11e mondiale (6-2, 6-4), malgr\u00e9 une remont\u00e9e \u00e0 5-4 dans le deuxi\u00e8me set o\u00f9 elle \u00e9tait men\u00e9e 4-0.<\/p>\n<p>                                            <a class=\"fig-a11y-skip\" href=\"#fig-a11y-skip-main-inarticle\" data-module=\"a11y-skip\" data-context=\"was @visible\"><br \/>\n    Passer la publicit\u00e9<br \/>\n<\/a>            <\/p>\n<p class=\"fig-paragraph\">Dans l&rsquo;autre simple, Arthur Rinderknech (29e) a \u00e9t\u00e9 domin\u00e9 par le v\u00e9t\u00e9ran Stan Wawrinka, 40 ans, lors d&rsquo;un match tr\u00e8s accroch\u00e9, 5-7, 7-6 (7\/5), 7-6 (7\/5). A l&rsquo;issue de plus de trois heures de jeu, le triple laur\u00e9at en Grand Chelem a finalement apport\u00e9 le point \u00e0 la Suisse.<\/p>\n<p class=\"fig-paragraph\">En double, la paire constitu\u00e9e d&rsquo;\u00c9douard Roger-Vasselin et Sarah Rakotomanga a \u00e9t\u00e9 aussi battue par le duo Belinda Bencic-Jakub Paul (6-2, 5-7, 10-2).<\/p>\n<p class=\"fig-paragraph\">La France tentera de rectifier le tir mardi contre l&rsquo;Italie.<\/p>\n","protected":false},"excerpt":{"rendered":"L\u2019\u00e9quipe de France a manqu\u00e9 son entr\u00e9e en United Cup en s\u2019inclinant 3-0 face \u00e0 la Suisse ce&hellip;\n","protected":false},"author":2,"featured_media":639781,"comment_status":"","ping_status":"","sticky":false,"template":"","format":"standard","meta":{"footnotes":""},"categories":[1415],"tags":[47,4169,525,1981,4178,4179,1011,27,1114,3996,4177,4176,4174,4175,1980,4171,60,1467,4172,4173,4170],"class_list":{"0":"post-639780","1":"post","2":"type-post","3":"status-publish","4":"format-standard","5":"has-post-thumbnail","7":"category-tennis","8":"tag-actualite","9":"tag-atp","10":"tag-calendrier","11":"tag-classement","12":"tag-coupe-davis","13":"tag-fed-cup","14":"tag-fr","15":"tag-france","16":"tag-infos","17":"tag-jeux-olympiques","18":"tag-masters-1000","19":"tag-masters-500","20":"tag-masters-series","21":"tag-open-daustralie","22":"tag-resultats","23":"tag-roland-garros","24":"tag-sports","25":"tag-tennis","26":"tag-us-open","27":"tag-wimbledon","28":"tag-wta"},"share_on_mastodon":{"url":"https:\/\/pubeurope.com\/@fr\/115835295665401015","error":""},"_links":{"self":[{"href":"https:\/\/www.europesays.com\/fr\/wp-json\/wp\/v2\/posts\/639780","targetHints":{"allow":["GET"]}}],"collection":[{"href":"https:\/\/www.europesays.com\/fr\/wp-json\/wp\/v2\/posts"}],"about":[{"href":"https:\/\/www.europesays.com\/fr\/wp-json\/wp\/v2\/types\/post"}],"author":[{"embeddable":true,"href":"https:\/\/www.europesays.com\/fr\/wp-json\/wp\/v2\/users\/2"}],"replies":[{"embeddable":true,"href":"https:\/\/www.europesays.com\/fr\/wp-json\/wp\/v2\/comments?post=639780"}],"version-history":[{"count":0,"href":"https:\/\/www.europesays.com\/fr\/wp-json\/wp\/v2\/posts\/639780\/revisions"}],"wp:featuredmedia":[{"embeddable":true,"href":"https:\/\/www.europesays.com\/fr\/wp-json\/wp\/v2\/media\/639781"}],"wp:attachment":[{"href":"https:\/\/www.europesays.com\/fr\/wp-json\/wp\/v2\/media?parent=639780"}],"wp:term":[{"taxonomy":"category","embeddable":true,"href":"https:\/\/www.europesays.com\/fr\/wp-json\/wp\/v2\/categories?post=639780"},{"taxonomy":"post_tag","embeddable":true,"href":"https:\/\/www.europesays.com\/fr\/wp-json\/wp\/v2\/tags?post=639780"}],"curies":[{"name":"wp","href":"https:\/\/api.w.org\/{rel}","templated":true}]}}