{"id":639782,"date":"2026-01-04T06:01:17","date_gmt":"2026-01-04T06:01:17","guid":{"rendered":"https:\/\/www.europesays.com\/fr\/639782\/"},"modified":"2026-01-04T06:01:17","modified_gmt":"2026-01-04T06:01:17","slug":"sans-chrono-ni-classement-lultraveyronnaise-mise-sur-laventure-le-terroir-et-99-dossards-pour-laveyron-sauvage","status":"publish","type":"post","link":"https:\/\/www.europesays.com\/fr\/639782\/","title":{"rendered":"Sans chrono ni classement, l\u2019Ultr\u2019Aveyronnaise mise sur l\u2019aventure, le terroir et 99 dossards pour l\u2019Aveyron sauvage"},"content":{"rendered":"<p>\n                                                                Le Club Cyclo Millau est \u00e0 l\u2019origine de cette nouvelle randonn\u00e9e cycliste de 210\u00a0km et 3\u00a0200 m\u00e8tres de d\u00e9nivel\u00e9 positif, pr\u00e9vue le samedi 11\u00a0juillet 2026.\n                            <\/p>\n<p>Imaginez des routes sinueuses traversant des paysages \u00e0 couper le souffle, des vall\u00e9es profondes, des plateaux calcaires \u00e0 perte de vue, et des villages m\u00e9di\u00e9vaux accroch\u00e9s \u00e0 flanc de falaise\u2026 \u00ab\u00a0L\u2019Ultr\u2019Aveyronnaise, c\u2019est \u00e7a\u00a0\u00bb, s\u2019enthousiasme Nina Barrera, pr\u00e9sidente du Club Cyclo Millau, \u00e0 l\u2019origine de cette nouvelle randonn\u00e9e cycliste de 210\u00a0km et 3\u00a0200 m\u00e8tres de d\u00e9nivel\u00e9 positif, programm\u00e9e\u00a0samedi 11\u00a0juillet 2026.<\/p>\n<p>Sur ce trac\u00e9 original, ode \u00e0 la diversit\u00e9 des paysages aveyronnais, les cyclistes s\u2019\u00e9lanceront de Millau\u00a0pour plonger d\u00e8s\u00a0les premiers kilom\u00e8tres\u00a0dans les gorges du Tarn, class\u00e9es parmi les plus belles de France. La route grimpera ensuite vers les causses, ces plateaux calcaires arides et min\u00e9raux, offrant des panoramas \u00e0 360 degr\u00e9s sur des \u00e9tendues sauvages.<\/p>\n<p>Un parcours d\u2019exception, entre causses et gorges l\u00e9gendaires<\/p>\n<p>Un terrain de jeu unique sur la\u00a0route\u00a0des\u00a0causses qui\u00a0avec leurs vastes horizons et leurs routes d\u00e9sertes\u00a0donnent une sensation de libert\u00e9 totale, valide un\u00a0membre de l\u2019\u00e9quipe organisatrice et fin connaisseur\u00a0du territoire.<\/p>\n<p>Mais l\u2019Ultr\u2019Aveyronnaise n\u2019est pas qu\u2019une \u00e9preuve sportive, c\u2019est avant tout une exp\u00e9rience sensorielle avec des ravitaillements, organis\u00e9s en partenariat avec des producteurs locaux pour mettre \u00e0\u00a0l\u2019honneur les sp\u00e9cialit\u00e9s gastronomiques aveyronnaises\u2026<\/p>\n<p>\u00ab\u00a0Apr\u00e8s l\u2019effort, le r\u00e9confort passe aussi par le plaisir des papilles. Nous voulons que les cyclistes d\u00e9couvrent notre terroir \u00e0 travers nos produits\u00a0\u00bb, expliquent les organisateurs. \u00c0 l\u2019arriv\u00e9e, une bi\u00e8re artisanale attendra les finishers, ainsi qu\u2019un moment convivial pour \u00e9changer sur les exploits de la journ\u00e9e.<\/p>\n<p>Plong\u00e9e au c\u0153ur de l\u2019Aveyron sauvage<\/p>\n<p>Car l\u2019id\u00e9e de cette premi\u00e8re\u00a0du genre est aussi\u00a0de cr\u00e9er des souvenirs forts, autour du v\u00e9lo et de la table aveyronnaise. Sans chronom\u00e8tre, ni m\u00eame de classement. L\u2019Ultr\u2019Aveyronnaise est avant tout une \u00ab\u00a0aventure personnelle\u00a0\u00bb.<\/p>\n<p>\u00ab\u00a0Ici, on ne court pas contre les autres, mais avec les autres. L\u2019entraide est au c\u0153ur de l\u2019\u00e9v\u00e9nement\u00a0\u00bb, plaide le Cyclo Club Millau qui a tenu \u00e0 limiter le nombre de dossards \u00e0\u00a099\u00a0pour une exp\u00e9rience plus exclusive, humaine et intimiste.<\/p>\n<p>Fort du succ\u00e8s de la Caussenarde programm\u00e9e, cette ann\u00e9e, le 7\u00a0juin 2026, le Club Cyclo\u00a0Millau pousse plus loin, avec l\u2019Ultr\u2019Aveyronnaise, son engagement en faveur du cyclisme et des richesses du d\u00e9partement. Une plong\u00e9e au c\u0153ur de l\u2019Aveyron sauvage pour une journ\u00e9e o\u00f9, derri\u00e8re chaque virage, l\u2019effort fait place en plaisir.<\/p>\n","protected":false},"excerpt":{"rendered":"Le Club Cyclo Millau est \u00e0 l\u2019origine de cette nouvelle randonn\u00e9e cycliste de 210\u00a0km et 3\u00a0200 m\u00e8tres de&hellip;\n","protected":false},"author":2,"featured_media":639783,"comment_status":"","ping_status":"","sticky":false,"template":"","format":"standard","meta":{"footnotes":""},"categories":[1411],"tags":[18483,1154,207,1011,27,6209,517,60],"class_list":{"0":"post-639782","1":"post","2":"type-post","3":"status-publish","4":"format-standard","5":"has-post-thumbnail","7":"category-cyclisme","8":"tag-aveyron","9":"tag-cycling","10":"tag-cyclisme","11":"tag-fr","12":"tag-france","13":"tag-millau","14":"tag-sport","15":"tag-sports"},"share_on_mastodon":{"url":"https:\/\/pubeurope.com\/@fr\/115835311415787137","error":""},"_links":{"self":[{"href":"https:\/\/www.europesays.com\/fr\/wp-json\/wp\/v2\/posts\/639782","targetHints":{"allow":["GET"]}}],"collection":[{"href":"https:\/\/www.europesays.com\/fr\/wp-json\/wp\/v2\/posts"}],"about":[{"href":"https:\/\/www.europesays.com\/fr\/wp-json\/wp\/v2\/types\/post"}],"author":[{"embeddable":true,"href":"https:\/\/www.europesays.com\/fr\/wp-json\/wp\/v2\/users\/2"}],"replies":[{"embeddable":true,"href":"https:\/\/www.europesays.com\/fr\/wp-json\/wp\/v2\/comments?post=639782"}],"version-history":[{"count":0,"href":"https:\/\/www.europesays.com\/fr\/wp-json\/wp\/v2\/posts\/639782\/revisions"}],"wp:featuredmedia":[{"embeddable":true,"href":"https:\/\/www.europesays.com\/fr\/wp-json\/wp\/v2\/media\/639783"}],"wp:attachment":[{"href":"https:\/\/www.europesays.com\/fr\/wp-json\/wp\/v2\/media?parent=639782"}],"wp:term":[{"taxonomy":"category","embeddable":true,"href":"https:\/\/www.europesays.com\/fr\/wp-json\/wp\/v2\/categories?post=639782"},{"taxonomy":"post_tag","embeddable":true,"href":"https:\/\/www.europesays.com\/fr\/wp-json\/wp\/v2\/tags?post=639782"}],"curies":[{"name":"wp","href":"https:\/\/api.w.org\/{rel}","templated":true}]}}