{"id":639787,"date":"2026-01-04T06:04:33","date_gmt":"2026-01-04T06:04:33","guid":{"rendered":"https:\/\/www.europesays.com\/fr\/639787\/"},"modified":"2026-01-04T06:04:33","modified_gmt":"2026-01-04T06:04:33","slug":"rencontres-creatives-a-la-galerie-alexandre-biaggi","status":"publish","type":"post","link":"https:\/\/www.europesays.com\/fr\/639787\/","title":{"rendered":"Rencontres cr\u00e9atives \u00e0 la galerie Alexandre Biaggi"},"content":{"rendered":"<p>La galerie Alexandre Biaggi, rue de Seine \u00e0 Paris, pr\u00e9sente Rencontre, une exposition \u00e0 d\u00e9couvrir jusqu\u2019\u00e0 fin d\u00e9cembre 2025, qui r\u00e9unit trois artistes aux sensibilit\u00e9s compl\u00e9mentaires.\u00a0<\/p>\n<p><strong>Jean Grisoni<\/strong> fa\u00e7onne bronze et bois dans une esth\u00e9tique brute et po\u00e9tique. <strong>Ludovic Roth<\/strong> explore verre et m\u00e9tal avec une pr\u00e9cision minimaliste, jouant sur la lumi\u00e8re et l\u2019\u00e9quilibre. Enfin, <strong>Marco Lorenzetto<\/strong> d\u00e9ploie une peinture abstraite vibrante, o\u00f9 couleurs et gestes deviennent paysages int\u00e9rieurs.\u00a0<\/p>\n<p>Alexandre Biaggi orchestre cette rencontre <strong>comme un dialogue discret entre mati\u00e8re et espace<\/strong>, o\u00f9 chaque \u0153uvre trouve sa place dans une harmonie subtile. Plus qu\u2019une confrontation, c\u2019est une mise en regard qui r\u00e9v\u00e8le la singularit\u00e9 de chacun tout en cr\u00e9ant une dynamique commune dans une chor\u00e9graphie silencieuse.<\/p>\n<p><img decoding=\"async\" src=\"https:\/\/www.europesays.com\/fr\/wp-content\/uploads\/2026\/01\/19_QSOIREE_BIAGGI_PDV4038pg7ZslH1yr.jpg\" alt=\"Les artistes Ludovic Roth, Jean Grisoni et Marco Lorenzetto.\"\/><strong>Les artistes Ludovic Roth, Jean Grisoni et Marco Lorenzetto.<\/strong> \u00a9 Julio Piatti<\/p>\n<p>\u00a0<\/p>\n<p><img decoding=\"async\" src=\"https:\/\/www.europesays.com\/fr\/wp-content\/uploads\/2026\/01\/06_QSOIREE_BIAGGI_PDV40384kMGkPVW3h.jpg\" alt=\"Les d\u00e9corateurs Jacques Bec et Artur Miranda.\"\/><strong>Les d\u00e9corateurs Jacques Bec et Artur Miranda.<\/strong> \u00a9 Julio Piatti<img decoding=\"async\" src=\"https:\/\/www.europesays.com\/fr\/wp-content\/uploads\/2026\/01\/02_QSOIREE_BIAGGI_PDV4038SDuOM2ZPq2.jpg\" alt=\"Nathalie George, directrice artistique et auteure culinaire.\"\/><strong>Nathalie George, directrice artistique et auteure culinaire.<\/strong> \u00a9 Julio Piatti<img decoding=\"async\" src=\"https:\/\/www.europesays.com\/fr\/wp-content\/uploads\/2026\/01\/04_QSOIREE_BIAGGI_PDV40381fy1XWALql.jpg\" alt=\"L\u2019animateur de radio et t\u00e9l\u00e9vision Laurent Petitguillaume.\"\/><strong>L\u2019animateur de radio et t\u00e9l\u00e9vision Laurent Petitguillaume.<\/strong> \u00a9 Julio Piatti<img decoding=\"async\" src=\"https:\/\/www.europesays.com\/fr\/wp-content\/uploads\/2026\/01\/09_QSOIREE_BIAGGI_PDV4038qNhDQrEjVn.jpg\" alt=\"La journaliste et auteure Natasha Fraser Cavassoni entour\u00e9e de l\u2019artiste Marco Lorenzotto et du galeriste Alexandre Biaggi.\"\/><strong>La journaliste et auteure Natasha Fraser Cavassoni entour\u00e9e de l\u2019artiste Marco Lorenzotto et du galeriste Alexandre Biaggi.<\/strong> \u00a9 Julio Piatti<img decoding=\"async\" src=\"https:\/\/www.europesays.com\/fr\/wp-content\/uploads\/2026\/01\/16_QSOIREE_BIAGGI_PDV4038MSQVGyMgI6.jpg\" alt=\"Le galeriste Olivier Castaing et le communicant Aymeric de Drouas.\"\/><strong>Le galeriste Olivier Castaing et le communicant Aymeric de Drouas.<\/strong> \u00a9 Julio Piatti<img decoding=\"async\" src=\"https:\/\/www.europesays.com\/fr\/wp-content\/uploads\/2026\/01\/15_QSOIREE_BIAGGI_PDV4038f6EUKwIIpH.jpg\" alt=\"L\u2019artiste Rose de Ganay.\"\/><strong>L\u2019artiste Rose de Ganay.<\/strong> \u00a9 Julio Piatti<img decoding=\"async\" src=\"https:\/\/www.europesays.com\/fr\/wp-content\/uploads\/2026\/01\/10_QSOIREE_BIAGGI_PDV40387fVkDZhJ0O.jpg\" alt=\"Le galeriste Cyril Ermel.\"\/><strong>Le galeriste Cyril Ermel.<\/strong> \u00a9 Julio Piatti<img decoding=\"async\" src=\"https:\/\/www.europesays.com\/fr\/wp-content\/uploads\/2026\/01\/11_QSOIREE_BIAGGI_PDV4038v50XhQDLus.jpg\" alt=\"Pierre Cauchois, directeur presse et relations publiques de l\u2019agence Douzal.\"\/><strong>Pierre Cauchois, directeur presse et relations publiques de l\u2019agence Douzal.<\/strong> \u00a9 Julio Piatti<img decoding=\"async\" src=\"https:\/\/www.europesays.com\/fr\/wp-content\/uploads\/2026\/01\/08_QSOIREE_BIAGGI_PDV4038yWBJlx7UTG.jpg\" alt=\"La d\u00e9coratrice Ronit Pardo et le photographe Julien Drach.\"\/><strong>La d\u00e9coratrice Ronit Pardo et le photographe Julien Drach.<\/strong> \u00a9 Julio Piatti<img decoding=\"async\" src=\"https:\/\/www.europesays.com\/fr\/wp-content\/uploads\/2026\/01\/01_QSOIREE_BIAGGI_PDV4038BJYQnBnvRY.jpg\" alt=\"Les d\u00e9corateurs Jean-Paul Beaujard et Arthur van der Straeten.\"\/><strong>Les d\u00e9corateurs Jean-Paul Beaujard et Arthur van der Straeten.<\/strong> \u00a9 Julio Piatti<img decoding=\"async\" src=\"https:\/\/www.europesays.com\/fr\/wp-content\/uploads\/2026\/01\/05_QSOIREE_BIAGGI_PDV4038VvNFN2JiAS.jpg\" alt=\"Le fondateur du Domaine de Ronsard, Vincent Dewas.\"\/><strong>Le fondateur du Domaine de Ronsard, Vincent Dewas.<\/strong> \u00a9 Julio Piatti<img decoding=\"async\" src=\"https:\/\/www.europesays.com\/fr\/wp-content\/uploads\/2026\/01\/12_QSOIREE_BIAGGI_PDV4038rvu4m6NtSc.jpg\" alt=\"La femme d\u2019affaires \u00c9lisabeth Dauchy et sa fille Garance entourent l\u2019homme politique et auteur Thierry Coudert.\"\/><strong>La femme d\u2019affaires \u00c9lisabeth Dauchy et sa fille Garance entourent l\u2019homme politique et auteur Thierry Coudert.<\/strong> \u00a9 Julio Piatti<img decoding=\"async\" src=\"https:\/\/www.europesays.com\/fr\/wp-content\/uploads\/2026\/01\/13_QSOIREE_BIAGGI_PDV403830BbwCVKDp.jpg\" alt=\"Le cr\u00e9ateur Alexis Mabille.\"\/><strong>Le cr\u00e9ateur Alexis Mabille.<\/strong> \u00a9 Julio Piatti<img decoding=\"async\" src=\"https:\/\/www.europesays.com\/fr\/wp-content\/uploads\/2026\/01\/17_QSOIREE_BIAGGI_PDV40382PYt8lecIr.jpg\" alt=\"La fondatrice de la Galerie Pixi, Marie Victoire Poliakoff, et C\u00e9cile Verdier, pr\u00e9sidente de Christie\u2019s France.\"\/><strong>La fondatrice de la Galerie Pixi, Marie Victoire Poliakoff, et C\u00e9cile Verdier, pr\u00e9sidente de Christie\u2019s France.<\/strong> \u00a9 Julio Piatti<img decoding=\"async\" src=\"https:\/\/www.europesays.com\/fr\/wp-content\/uploads\/2026\/01\/20_QSOIREE_BIAGGI_PDV4038x2YHS62tqI.jpg\" alt=\"Le lustre \u00c9clipse de Ludovic Roth.\"\/><strong>Le lustre \u00c9clipse de Ludovic Roth.<\/strong> \u00a9 Julio Piatti<img decoding=\"async\" src=\"https:\/\/www.europesays.com\/fr\/wp-content\/uploads\/2026\/01\/07_QSOIREE_BIAGGI_PDV4038uDv5usYJgP.jpg\" alt=\"Le galeriste et expert Patrick Fourtin\"\/><strong>Le galeriste et expert Patrick Fourtin.<\/strong> \u00a9 Julio Piatti<img decoding=\"async\" src=\"https:\/\/www.europesays.com\/fr\/wp-content\/uploads\/2026\/01\/14_QSOIREE_BIAGGI_PDV4038JkBnx4tOB9.jpg\" alt=\"L\u2019acteur Amine Benrachid.\"\/><strong>L\u2019acteur Amine Benrachid.<\/strong> \u00a9 Julio Piatti<\/p>\n<p><strong>Lire aussi &gt;&gt; <\/strong><a target=\"_blank\" href=\"https:\/\/www.pointdevue.fr\/society\/soirees\/vernissage-de-lexposition-un-trait-de-liberte-de-gilone-de-clermont-tonnerre-lart-de-maitriser-les-fusains\" rel=\"noopener\">Vernissage de l&rsquo;exposition Un trait de libert\u00e9, de Gilone de Clermont-Tonnerre : l\u2019art de ma\u00eetriser les fusains<\/a><\/p>\n<p>\u00a0<\/p>\n","protected":false},"excerpt":{"rendered":"La galerie Alexandre Biaggi, rue de Seine \u00e0 Paris, pr\u00e9sente Rencontre, une exposition \u00e0 d\u00e9couvrir jusqu\u2019\u00e0 fin d\u00e9cembre&hellip;\n","protected":false},"author":2,"featured_media":639788,"comment_status":"","ping_status":"","sticky":false,"template":"","format":"standard","meta":{"footnotes":""},"categories":[1358],"tags":[1348,1384,1385,1386,58,59,1011,27],"class_list":{"0":"post-639787","1":"post","2":"type-post","3":"status-publish","4":"format-standard","5":"has-post-thumbnail","7":"category-arts-et-design","8":"tag-arts","9":"tag-arts-and-design","10":"tag-arts-et-design","11":"tag-design","12":"tag-divertissement","13":"tag-entertainment","14":"tag-fr","15":"tag-france"},"share_on_mastodon":{"url":"https:\/\/pubeurope.com\/@fr\/115835324078450098","error":""},"_links":{"self":[{"href":"https:\/\/www.europesays.com\/fr\/wp-json\/wp\/v2\/posts\/639787","targetHints":{"allow":["GET"]}}],"collection":[{"href":"https:\/\/www.europesays.com\/fr\/wp-json\/wp\/v2\/posts"}],"about":[{"href":"https:\/\/www.europesays.com\/fr\/wp-json\/wp\/v2\/types\/post"}],"author":[{"embeddable":true,"href":"https:\/\/www.europesays.com\/fr\/wp-json\/wp\/v2\/users\/2"}],"replies":[{"embeddable":true,"href":"https:\/\/www.europesays.com\/fr\/wp-json\/wp\/v2\/comments?post=639787"}],"version-history":[{"count":0,"href":"https:\/\/www.europesays.com\/fr\/wp-json\/wp\/v2\/posts\/639787\/revisions"}],"wp:featuredmedia":[{"embeddable":true,"href":"https:\/\/www.europesays.com\/fr\/wp-json\/wp\/v2\/media\/639788"}],"wp:attachment":[{"href":"https:\/\/www.europesays.com\/fr\/wp-json\/wp\/v2\/media?parent=639787"}],"wp:term":[{"taxonomy":"category","embeddable":true,"href":"https:\/\/www.europesays.com\/fr\/wp-json\/wp\/v2\/categories?post=639787"},{"taxonomy":"post_tag","embeddable":true,"href":"https:\/\/www.europesays.com\/fr\/wp-json\/wp\/v2\/tags?post=639787"}],"curies":[{"name":"wp","href":"https:\/\/api.w.org\/{rel}","templated":true}]}}