{"id":639789,"date":"2026-01-04T06:06:16","date_gmt":"2026-01-04T06:06:16","guid":{"rendered":"https:\/\/www.europesays.com\/fr\/639789\/"},"modified":"2026-01-04T06:06:16","modified_gmt":"2026-01-04T06:06:16","slug":"star-academy-2025-un-medley-des-hymnes-cultes-pour-ouvrir-le-200eme-prime-star-academy","status":"publish","type":"post","link":"https:\/\/www.europesays.com\/fr\/639789\/","title":{"rendered":"Star Academy 2025 &#8211; Un medley des hymnes cultes pour ouvrir le 200\u00e8me prime &#8211; Star Academy"},"content":{"rendered":"<p id=\"descriptionPanel\" class=\"text-secondary mr-2 line-clamp-2 pr-2.5 overflow-visible\">\u00ab\u00a0La musique\u00a0\u00bb, Musique\u00a0\u00bb, \u00ab\u00a0La bamba\u00a0\u00bb ou encore \u00ab\u00a0Voulez-vous\u00a0\u00bb, on ouvre le 200\u00e8me prime de la Star Ac avec un medley des hymnes cultes de l&rsquo;\u00e9mission avec des anciens \u00e9l\u00e8ves comme Jean-Pascal, Carine, Emma Daumas, Houcine, Aur\u00e9lie Konat\u00e9, Michal, Ebony, L\u00e9a H, Anisha, Karima Charni, Lucie Bernardoni ou encore Cyntia Brown.<\/p>\n<p>Afficher la version longue du r\u00e9sum\u00e9<a class=\"shrink-0\" href=\"https:\/\/www.tf1.fr\/tf1\/star-academy\" target=\"_blank\" rel=\"noopener\"><img decoding=\"async\" src=\"https:\/\/www.europesays.com\/fr\/wp-content\/uploads\/2026\/01\/program-card-portrait-1-png-f96b9c-584968-0at1x-e24c42-f5ce61-0@1x.jpg\" width=\"138\" height=\"184\" alt=\"\" loading=\"eager\" fetchpriority=\"auto\" class=\"rounded-3px aspect-[3\/4] h-24 w-auto\" aria-hidden=\"true\"\/><\/a><img alt=\"Sous-Titrage T\u00e9l\u00e9texte\" loading=\"lazy\" width=\"27\" height=\"20\" decoding=\"async\" data-nimg=\"1\" style=\"color:transparent\" src=\"https:\/\/www.tf1.fr\/public\/_next\/static\/media\/sme.b8f879c0.svg\"\/><\/p>\n<p>9m<\/p>\n<p>3 janv. 2026 \u00e0 21:11<\/p>\n","protected":false},"excerpt":{"rendered":"\u00ab\u00a0La musique\u00a0\u00bb, Musique\u00a0\u00bb, \u00ab\u00a0La bamba\u00a0\u00bb ou encore \u00ab\u00a0Voulez-vous\u00a0\u00bb, on ouvre le 200\u00e8me prime de la Star Ac avec&hellip;\n","protected":false},"author":2,"featured_media":639790,"comment_status":"","ping_status":"","sticky":false,"template":"","format":"standard","meta":{"footnotes":""},"categories":[1356],"tags":[58,59,3483,62736,62737,41321,1011,27,5095,62738,62739,62746,62750,62735,62747,62751,62743,62742,62748,62749,62744,62745,252,1364,62740,62741],"class_list":{"0":"post-639789","1":"post","2":"type-post","3":"status-publish","4":"format-standard","5":"has-post-thumbnail","7":"category-television","8":"tag-divertissement","9":"tag-entertainment","10":"tag-extrait","11":"tag-extrait-star-academy","12":"tag-extrait-star-academy-tf1","13":"tag-extrait-tf1","14":"tag-fr","15":"tag-france","16":"tag-star-academy","17":"tag-star-academy-extrait","18":"tag-star-academy-extrait-tf1","19":"tag-star-academy-streaming","20":"tag-star-academy-streaming-gratuit","21":"tag-star-academy-tf1","22":"tag-star-academy-tf1-streaming","23":"tag-star-academy-tf1-streaming-gratuit","24":"tag-star-academy-tf1-video","25":"tag-star-academy-video","26":"tag-streaming-gratuit-star-academy","27":"tag-streaming-gratuit-star-academy-tf1","28":"tag-streaming-star-academy","29":"tag-streaming-star-academy-tf1","30":"tag-television","31":"tag-tv","32":"tag-video-star-academy","33":"tag-video-star-academy-tf1"},"share_on_mastodon":{"url":"","error":"Validation failed: Text character limit of 500 exceeded"},"_links":{"self":[{"href":"https:\/\/www.europesays.com\/fr\/wp-json\/wp\/v2\/posts\/639789","targetHints":{"allow":["GET"]}}],"collection":[{"href":"https:\/\/www.europesays.com\/fr\/wp-json\/wp\/v2\/posts"}],"about":[{"href":"https:\/\/www.europesays.com\/fr\/wp-json\/wp\/v2\/types\/post"}],"author":[{"embeddable":true,"href":"https:\/\/www.europesays.com\/fr\/wp-json\/wp\/v2\/users\/2"}],"replies":[{"embeddable":true,"href":"https:\/\/www.europesays.com\/fr\/wp-json\/wp\/v2\/comments?post=639789"}],"version-history":[{"count":0,"href":"https:\/\/www.europesays.com\/fr\/wp-json\/wp\/v2\/posts\/639789\/revisions"}],"wp:featuredmedia":[{"embeddable":true,"href":"https:\/\/www.europesays.com\/fr\/wp-json\/wp\/v2\/media\/639790"}],"wp:attachment":[{"href":"https:\/\/www.europesays.com\/fr\/wp-json\/wp\/v2\/media?parent=639789"}],"wp:term":[{"taxonomy":"category","embeddable":true,"href":"https:\/\/www.europesays.com\/fr\/wp-json\/wp\/v2\/categories?post=639789"},{"taxonomy":"post_tag","embeddable":true,"href":"https:\/\/www.europesays.com\/fr\/wp-json\/wp\/v2\/tags?post=639789"}],"curies":[{"name":"wp","href":"https:\/\/api.w.org\/{rel}","templated":true}]}}