{"id":639791,"date":"2026-01-04T06:07:11","date_gmt":"2026-01-04T06:07:11","guid":{"rendered":"https:\/\/www.europesays.com\/fr\/639791\/"},"modified":"2026-01-04T06:07:11","modified_gmt":"2026-01-04T06:07:11","slug":"le-rappeur-passi-presente-son-nouveau-single-marionnettes","status":"publish","type":"post","link":"https:\/\/www.europesays.com\/fr\/639791\/","title":{"rendered":"le rappeur Passi pr\u00e9sente son nouveau single \u00ab Marionnettes \u00bb"},"content":{"rendered":"<p>                    Par<br \/>\n        <strong><br \/>\n            <a href=\"https:\/\/actu.fr\/auteur\/joseph-canu\" title=\"Consulter tous les articles de Joseph CANU\" target=\"_blank\" rel=\"noopener\">Joseph CANU<\/a><br \/>\n                    <\/strong><\/p>\n<p>        Publi\u00e9 le<\/p>\n<p>            3 janv. 2026 \u00e0 11h56        <\/p>\n<p><b>L\u00e9gende<\/b> vivante du <b>rap<\/b> fran\u00e7ais et de la musique hexagonale, fondateur du <b>collectif Bisso Na Bisso<\/b> et m\u00eame ancien membre jury de <b>Star Acad\u00e9my<\/b>, <b>Passi<\/b> pr\u00e9sente son nouveau single Marionnettes sur lequel il a invit\u00e9 <b>Stavo <\/b>(13 Block) et le chanteur-acteur <b>Athaya Mokonzi <\/b>(Lupin, Vernon Subutex), deux artistes Franco-congolais, comme lui.<\/p>\n<p>Enfant de Sarcelles<\/p>\n<p class=\" wall-content\">Bien avant ses immenses collaborations avec Calogero dans Face \u00e0 la mer, ou Johnny Halliday dans Le Temps passe, sans oublier ses titres \u00e0 succ\u00e8s Laisse parler les gens et Reviens dans ma vie dans ses compilations afro-zouk <b>Dis l\u2019heure de<\/b>\u2026, <b>Passi Balende<\/b> (son vrai nom, Ndlr) a fait ses d\u00e9buts \u00e0 Sarcelles avec son association appel\u00e9e <b>A.M.E.R (pour Action, musique et rap, Ndlr)<\/b>. Un collectif qu\u2019il avait co-fond\u00e9 avec <b>Stomy Bugzy, Hamed Daye, Kenzy, Moda et Ghetch<\/b>. \u00ab Nous \u00e9tions des super-potes ! \u00c0 l\u2019\u00e9poque, le rap n\u2019int\u00e9ressait qu\u2019une minorit\u00e9 du public, mais c\u2019\u00e9tait un vrai haut-parleur de notre soci\u00e9t\u00e9 \u00bb, se souvenait l\u2019artiste valdoisien en 2014, lors de la sortie du Best Of Ministere A.M.E.R.<\/p>\n<p>D\u00e9buts aux Flanades<\/p>\n<p class=\" wall-content\">Passi nous avait alors racont\u00e9, non sans une certaine nostalgie, ses premi\u00e8res sc\u00e8nes au <b>centre commercial Les Flanades<\/b> : \u00ab On s\u2019y retrouvait avec les copains pour danser et breaker dans la galerie marchande. Je me rappelle tr\u00e8s bien : nous \u00e9tions sacr\u00e9ment nombreux ! \u00bb Il avait \u00e9galement retrac\u00e9 l\u2019histoire du collectif Secteur \u00c4, dont la plupart des membres \u00e9taient originaires du m\u00eame quartier de <b>Sarcelles <\/b>appel\u00e9 \u00ab <b>La Secte Abdoulaye<\/b> \u00bb.<\/p>\n<p>    <a href=\"https:\/\/www.youtube.com\/embed\/ewxE9dFY5rU\" title=\"Ouvrie le lien\" target=\"_blank\" rel=\"noopener\">Cliquez ici pour visualiser le contenu<\/a><\/p>\n<p class=\" wall-content\">Le rappeur a ainsi pass\u00e9 \u00ab une bonne partie de (sa) jeunesse \u00bb autour de la<b> place Camille-Saint-Sa\u00ebns<\/b>. \u00ab C\u2019\u00e9tait juste \u00e0 c\u00f4t\u00e9 de l\u2019endroit ou ma famille et moi nous vivions. C\u2019\u00e9tait notre quartier, nous connaissions tout le monde et tout le monde nous connaissait. \u00bb<\/p>\n<p class=\" wall-content\">Dans <b>Marionnettes<\/b>, Passi propose une critique de la soci\u00e9t\u00e9 en \u00e9voquant une c\u00e9l\u00e8bre phrase attribu\u00e9e \u00e0 <b>Mobutu Sese Seko<\/b>, ancien pr\u00e9sident de la R\u00e9publique d\u00e9mocratique du Congo, lors de la r\u00e9daction de la Constitution du pays. S\u2019apercevant que la secr\u00e9taire aurait saut\u00e9 directement de l\u2019article\u00a014 \u00e0 l\u2019article\u00a016, il se serait \u00e9cri\u00e9 : \u00ab Pour l\u2019article\u00a015, d\u00e9brouillez-vous ! \u00bb.<\/p>\n<p>Vid\u00e9os : en ce moment sur Actu<\/p>\n<blockquote class=\"ac-article-quote wall-content\">\n<p>\u00a0\u00bb Sommes-nous tous des marionnettes ? \u00ab\u00a0<\/p>\n<p>Passi<\/p><\/blockquote>\n<p class=\" wall-content\">Le single est accompagn\u00e9 d\u2019un clip m\u00e9langeant le live-action et l\u2019intelligence artificielle pour appuyer le propos. \u00ab L\u2019Ia n\u2019\u00e9tant pas l\u00e9gif\u00e9r\u00e9e, elle \u00e9tait parfaitement accord\u00e9e \u00e0 la r\u00e9alisation en image de ce morceau afin de suivre le mouvement, voler au vent\u2026 \u00bb, explique Passi. Ce dernier partage donc son interrogation : \u00ab Sommes-nous tous des marionnettes ? \u00bb<\/p>\n<p>Votre r\u00e9gion, votre actu !<\/p>\n<p>Recevez chaque jour les infos qui comptent pour vous.<\/p>\n<p>\t<a href=\"https:\/\/actu.fr\/newsletter\" class=\"ac-btn ac-btn--corner ac-btn--medium ac-btn--blue800\" target=\"_blank\" rel=\"noopener\">S&rsquo;incrire<\/a><\/p>\n<p>Plus d\u2019infos sur la page Facebook : Passi et la cha\u00eene Youtube : Passi Officiel.<\/p>\n<p class=\" wall-content\">Personnalisez votre actualit\u00e9 en ajoutant vos villes et m\u00e9dias en favori avec <a href=\"https:\/\/moncompte.actu.fr\" title=\"D\u00e9couvez Mon Actu\" rel=\"nofollow noopener\" data-trk=\"{&quot;cta&quot;:{&quot;action&quot;:&quot;https:\\\/\\\/moncompte.actu.fr&quot;,&quot;category&quot;:&quot;mon compte&quot;,&quot;from&quot;:&quot;article footer&quot;,&quot;name&quot;:&quot;Mon actu&quot;,&quot;type&quot;:&quot;cta&quot;}}\" target=\"_blank\">Mon Actu<\/a>.<\/p>\n","protected":false},"excerpt":{"rendered":"Par Joseph CANU Publi\u00e9 le 3 janv. 2026 \u00e0 11h56 L\u00e9gende vivante du rap fran\u00e7ais et de la&hellip;\n","protected":false},"author":2,"featured_media":639792,"comment_status":"","ping_status":"","sticky":false,"template":"","format":"standard","meta":{"footnotes":""},"categories":[1355],"tags":[58,59,1011,27,1652,1361,873],"class_list":{"0":"post-639791","1":"post","2":"type-post","3":"status-publish","4":"format-standard","5":"has-post-thumbnail","7":"category-musique","8":"tag-divertissement","9":"tag-entertainment","10":"tag-fr","11":"tag-france","12":"tag-loisirs-culture","13":"tag-music","14":"tag-musique"},"share_on_mastodon":{"url":"https:\/\/pubeurope.com\/@fr\/115835334962232936","error":""},"_links":{"self":[{"href":"https:\/\/www.europesays.com\/fr\/wp-json\/wp\/v2\/posts\/639791","targetHints":{"allow":["GET"]}}],"collection":[{"href":"https:\/\/www.europesays.com\/fr\/wp-json\/wp\/v2\/posts"}],"about":[{"href":"https:\/\/www.europesays.com\/fr\/wp-json\/wp\/v2\/types\/post"}],"author":[{"embeddable":true,"href":"https:\/\/www.europesays.com\/fr\/wp-json\/wp\/v2\/users\/2"}],"replies":[{"embeddable":true,"href":"https:\/\/www.europesays.com\/fr\/wp-json\/wp\/v2\/comments?post=639791"}],"version-history":[{"count":0,"href":"https:\/\/www.europesays.com\/fr\/wp-json\/wp\/v2\/posts\/639791\/revisions"}],"wp:featuredmedia":[{"embeddable":true,"href":"https:\/\/www.europesays.com\/fr\/wp-json\/wp\/v2\/media\/639792"}],"wp:attachment":[{"href":"https:\/\/www.europesays.com\/fr\/wp-json\/wp\/v2\/media?parent=639791"}],"wp:term":[{"taxonomy":"category","embeddable":true,"href":"https:\/\/www.europesays.com\/fr\/wp-json\/wp\/v2\/categories?post=639791"},{"taxonomy":"post_tag","embeddable":true,"href":"https:\/\/www.europesays.com\/fr\/wp-json\/wp\/v2\/tags?post=639791"}],"curies":[{"name":"wp","href":"https:\/\/api.w.org\/{rel}","templated":true}]}}