{"id":639793,"date":"2026-01-04T06:09:18","date_gmt":"2026-01-04T06:09:18","guid":{"rendered":"https:\/\/www.europesays.com\/fr\/639793\/"},"modified":"2026-01-04T06:09:18","modified_gmt":"2026-01-04T06:09:18","slug":"le-chateau-dans-le-ciel-un-concentre-de-merveilleux-facon-miyazaki-telerama","status":"publish","type":"post","link":"https:\/\/www.europesays.com\/fr\/639793\/","title":{"rendered":"\u201cLe Ch\u00e2teau dans le ciel\u201d : un concentr\u00e9 de merveilleux fa\u00e7on Miyazaki &#8211; T\u00e9l\u00e9rama"},"content":{"rendered":"<ol>\n<li><a href=\"https:\/\/news.google.com\/rss\/articles\/CBMiugFBVV95cUxNZFpHNVNybE8zbGUxc29feU1GcEVwSHdKUEUxbDF2Q1R0Vlotbm9mVThKQ0NwZkFrTFpxTUJ3UzJzNnkxdHRxWndrVEdDU1hFeU1WdVNjQW94RzhWTTdxUDRsQnpKNDNFYUJzNzJzNTEyZEp5bWNETjV4Z3g1NUpnMHpwb0dzbDVqMlRlVy0yZ2VYMERzaG1MUHFRSTNub3huR0xXeExGc3MtQXYxU2FSczJ0bzJTLVFCS0E?oc=5\" target=\"_blank\" rel=\"noopener\">\u201cLe Ch\u00e2teau dans le ciel\u201d : un concentr\u00e9 de merveilleux fa\u00e7on Miyazaki<\/a>&nbsp;&nbsp;T\u00e9l\u00e9rama<\/li>\n<li><a href=\"https:\/\/news.google.com\/rss\/articles\/CBMifkFVX3lxTE4xU2JVaENFVWM1OTlmSUxiTjdncVAwdFM0TWlKQWJtZU1FVl9KdGFxaWI1Mmo4WFpmUnRGeTJjSTBWQmxaQ2YwY3BzTy1Xb09pUTR5SDlnbzlfaWVQT0todUtWb0hlZXg1NEk0ZjhSRGRMcE5acXB3VDFPbHEzdw?oc=5\" target=\"_blank\" rel=\"noopener\">Ce soir \u00e0 la t\u00e9l\u00e9 : not\u00e9 4,3 sur 5, c&rsquo;est tout simplement l&rsquo;un des films \u00e0 avoir vus au moins une fois dans sa vie<\/a>&nbsp;&nbsp;AlloCin\u00e9<\/li>\n<li><a href=\"https:\/\/news.google.com\/rss\/articles\/CBMi1AFBVV95cUxPUmxXNjd0NmQyMWVhYjQzdjRCcXpqY2NGRzZMbWh2a3hJZGhCS2Y2VUVfTDdfRzlnbzUzRml5UkVIUDlFYU5IZXdIUklXMGViS01uOUZDRDNFV3pTenJuSG41R0Q0VzRKREQ1dlpBaGxrWmo4UHg4ZzUzZUNsQ0tPUDQ0RkZXaUZMUjY0eVdBNmJFVjRSQ3dvYlRoYlFJVGo5djd2YTdRS1Z6M0lIaVBMNXVjSVR2TmN1SXU2UUpIZTh6cDJyTkRuSTNWX25KUUNUOVFQZQ?oc=5\" target=\"_blank\" rel=\"noopener\">Le ch\u00e2teau dans le ciel ce soir sur France 4 : de quel lieu r\u00e9el s\u2019inspire le film d\u2019Hayao Miyazaki ?<\/a>&nbsp;&nbsp;Diverto<\/li>\n<li><a href=\"https:\/\/news.google.com\/rss\/articles\/CBMimAFBVV95cUxORzl2SUMyTmpfTGZLRzRSNkVWekdVMGpmUExfc0QzSk5sQWlKaFJVZm5ScDZSNm5Da0lkb1ZMOUNKYzFodTlZZ3VxMnkzMGs3MjQyYy1QM2lqV05leGNtVkNwSTJ1a2xHOFlVM3dLaV9BUUUxbGd6ODVYeXpOZ0pVUnlwUXFJWkt0V09ud1QtMm5xYzg5TDFxTA?oc=5\" target=\"_blank\" rel=\"noopener\">Dans le monde fantastique de Miyazaki<\/a>&nbsp;&nbsp;La Montagne<\/li>\n<\/ol>\n","protected":false},"excerpt":{"rendered":"\u201cLe Ch\u00e2teau dans le ciel\u201d : un concentr\u00e9 de merveilleux fa\u00e7on Miyazaki&nbsp;&nbsp;T\u00e9l\u00e9rama Ce soir \u00e0 la t\u00e9l\u00e9 :&hellip;\n","protected":false},"author":2,"featured_media":639794,"comment_status":"","ping_status":"","sticky":false,"template":"","format":"standard","meta":{"footnotes":""},"categories":[1354],"tags":[58,59,1346,1011,27,1360],"class_list":{"0":"post-639793","1":"post","2":"type-post","3":"status-publish","4":"format-standard","5":"has-post-thumbnail","7":"category-films","8":"tag-divertissement","9":"tag-entertainment","10":"tag-films","11":"tag-fr","12":"tag-france","13":"tag-movies"},"share_on_mastodon":{"url":"https:\/\/pubeurope.com\/@fr\/115835342865887595","error":""},"_links":{"self":[{"href":"https:\/\/www.europesays.com\/fr\/wp-json\/wp\/v2\/posts\/639793","targetHints":{"allow":["GET"]}}],"collection":[{"href":"https:\/\/www.europesays.com\/fr\/wp-json\/wp\/v2\/posts"}],"about":[{"href":"https:\/\/www.europesays.com\/fr\/wp-json\/wp\/v2\/types\/post"}],"author":[{"embeddable":true,"href":"https:\/\/www.europesays.com\/fr\/wp-json\/wp\/v2\/users\/2"}],"replies":[{"embeddable":true,"href":"https:\/\/www.europesays.com\/fr\/wp-json\/wp\/v2\/comments?post=639793"}],"version-history":[{"count":0,"href":"https:\/\/www.europesays.com\/fr\/wp-json\/wp\/v2\/posts\/639793\/revisions"}],"wp:featuredmedia":[{"embeddable":true,"href":"https:\/\/www.europesays.com\/fr\/wp-json\/wp\/v2\/media\/639794"}],"wp:attachment":[{"href":"https:\/\/www.europesays.com\/fr\/wp-json\/wp\/v2\/media?parent=639793"}],"wp:term":[{"taxonomy":"category","embeddable":true,"href":"https:\/\/www.europesays.com\/fr\/wp-json\/wp\/v2\/categories?post=639793"},{"taxonomy":"post_tag","embeddable":true,"href":"https:\/\/www.europesays.com\/fr\/wp-json\/wp\/v2\/tags?post=639793"}],"curies":[{"name":"wp","href":"https:\/\/api.w.org\/{rel}","templated":true}]}}