{"id":63980,"date":"2025-04-30T09:03:09","date_gmt":"2025-04-30T09:03:09","guid":{"rendered":"https:\/\/www.europesays.com\/fr\/63980\/"},"modified":"2025-04-30T09:03:09","modified_gmt":"2025-04-30T09:03:09","slug":"a-la-farlede-une-convention-daccompagnement-a-la-transition-ecologique","status":"publish","type":"post","link":"https:\/\/www.europesays.com\/fr\/63980\/","title":{"rendered":"\u00c0 La Farl\u00e8de, une convention d\u2019accompagnement \u00e0 la transition \u00e9cologique (\u2026)"},"content":{"rendered":"<p>                    <img loading=\"lazy\" decoding=\"async\" src=\"https:\/\/www.europesays.com\/fr\/wp-content\/uploads\/2025\/04\/602c0f07db10483e3e60764fbedb91.jpg\" class=\"img-responsive post-image\" width=\"680\" height=\"510\" alt=\"\u00c0 La Farl\u00e8de, une convent\" title=\"\u00c0 La Farl\u00e8de, une convention d'accompagnement \u00e0 la transition \u00e9cologique entre ENEDIS et la Ville\"\/><\/p>\n<p class=\"chapo\">Le 21 mars \u00e0 l\u2019Espace de La Capelle, la Ville a organis\u00e9 une soir\u00e9e d\u00e9di\u00e9e aux citoyens et acteurs engag\u00e9s dans la transition \u00e9cologique.<\/p>\n<p>Ainsi, dans le cadre du projet \u00ab\u00a0<strong>La Farl\u00e8de se R\u00e9g\u00e9n\u00e8r<\/strong>e\u00a0\u00bb, la Municipalit\u00e9 a pour ambition de mobiliser les Farl\u00e9dois \u00e0 devenir des acteurs de la transition \u00e0 travers des \u00e9changes inspirants et des rencontres engag\u00e9es. La soir\u00e9e des ambassadeurs de la transition a permis de d\u00e9couvrir la notion d\u2019ambassadeurs et le programme d\u2019actions qui sera propos\u00e9 en 2025. \u00c0 ce titre, la soir\u00e9e \u00e9tait un moment privil\u00e9gi\u00e9 pour mettre en lumi\u00e8re les habitants qui souhaitent s\u2019investir aux c\u00f4t\u00e9s de la Municipalit\u00e9 pour construire un avenir plus durable. Cet \u00e9v\u00e9nement \u00e9tait parrain\u00e9 par Damien Deville, docteur en g\u00e9ographie et anthropologue de la nature et, \u00e9galement, auteur de plusieurs ouvrages.<\/p>\n<p>Apr\u00e8s l\u2019accueil des ambassadeurs par les \u00e9lus, <strong>Yves Palmieri<\/strong>, le maire, a sign\u00e9 une convention d\u2019accompagnement \u00e0 la transition \u00e9cologique, officialisant le partenariat entre ENEDIS et la Ville. Puis, <strong>Fran\u00e7ois Guyomar<\/strong>, pr\u00e9sident de PERMAB, a abord\u00e9 les principes vertueux de cette transition pr\u00e9sents dans la cour de la nouvelle \u00e9cole et la m\u00e9diath\u00e8que a pr\u00e9sent\u00e9 une s\u00e9lection d\u2019ouvrages d\u00e9di\u00e9s au d\u00e9veloppement durable et \u00e0 l\u2019environnement.<br class=\"texte\"\/><br \/>\nApr\u00e8s une conf\u00e9rence portant sur le th\u00e8me \u00ab\u00a0Faire de chaque lieu une terre de relations \u00a0\u00bb, <strong>Damien Deville <\/strong> a particip\u00e9 \u00e0 une s\u00e9ance de d\u00e9dicaces en pr\u00e9sence de la librairie \u00ab\u00a0Sacr\u00e9s caract\u00e8res\u00a0\u00bb (La Crau).<\/p>\n<p>Photo de Une \u00a9Alain BLANCHOT<\/p>\n","protected":false},"excerpt":{"rendered":"Le 21 mars \u00e0 l\u2019Espace de La Capelle, la Ville a organis\u00e9 une soir\u00e9e d\u00e9di\u00e9e aux citoyens et&hellip;\n","protected":false},"author":2,"featured_media":63981,"comment_status":"","ping_status":"","sticky":false,"template":"","format":"standard","meta":{"footnotes":""},"categories":[9619],"tags":[1111,11,2408,1777,674,1011,27,12,882,25,2310],"class_list":{"0":"post-63980","1":"post","2":"type-post","3":"status-publish","4":"format-standard","5":"has-post-thumbnail","7":"category-toulon","8":"tag-actu","9":"tag-actualites","10":"tag-appels-d","11":"tag-eu","12":"tag-europe","13":"tag-fr","14":"tag-france","15":"tag-news","16":"tag-provence-alpes-cote-dazur","17":"tag-republique-francaise","18":"tag-toulon"},"share_on_mastodon":{"url":"https:\/\/pubeurope.com\/@fr\/114426111820405989","error":""},"_links":{"self":[{"href":"https:\/\/www.europesays.com\/fr\/wp-json\/wp\/v2\/posts\/63980","targetHints":{"allow":["GET"]}}],"collection":[{"href":"https:\/\/www.europesays.com\/fr\/wp-json\/wp\/v2\/posts"}],"about":[{"href":"https:\/\/www.europesays.com\/fr\/wp-json\/wp\/v2\/types\/post"}],"author":[{"embeddable":true,"href":"https:\/\/www.europesays.com\/fr\/wp-json\/wp\/v2\/users\/2"}],"replies":[{"embeddable":true,"href":"https:\/\/www.europesays.com\/fr\/wp-json\/wp\/v2\/comments?post=63980"}],"version-history":[{"count":0,"href":"https:\/\/www.europesays.com\/fr\/wp-json\/wp\/v2\/posts\/63980\/revisions"}],"wp:featuredmedia":[{"embeddable":true,"href":"https:\/\/www.europesays.com\/fr\/wp-json\/wp\/v2\/media\/63981"}],"wp:attachment":[{"href":"https:\/\/www.europesays.com\/fr\/wp-json\/wp\/v2\/media?parent=63980"}],"wp:term":[{"taxonomy":"category","embeddable":true,"href":"https:\/\/www.europesays.com\/fr\/wp-json\/wp\/v2\/categories?post=63980"},{"taxonomy":"post_tag","embeddable":true,"href":"https:\/\/www.europesays.com\/fr\/wp-json\/wp\/v2\/tags?post=63980"}],"curies":[{"name":"wp","href":"https:\/\/api.w.org\/{rel}","templated":true}]}}