{"id":639803,"date":"2026-01-04T06:15:15","date_gmt":"2026-01-04T06:15:15","guid":{"rendered":"https:\/\/www.europesays.com\/fr\/639803\/"},"modified":"2026-01-04T06:15:15","modified_gmt":"2026-01-04T06:15:15","slug":"un-maitre-espion-charismatique-et-populaire-qui-est-kyrylo-boudanov-le-nouveau-bras-droit-de-zelensky","status":"publish","type":"post","link":"https:\/\/www.europesays.com\/fr\/639803\/","title":{"rendered":"Un ma\u00eetre espion charismatique et populaire\u00a0: qui est Kyrylo Boudanov, le nouveau bras droit de Zelensky\u00a0?"},"content":{"rendered":"<p class=\"paragraph text_align_left lp-f-body-02\">L\u2019homme qui ne souriait jamais, le g\u00e9n\u00e9ral Kyrylo Boudanov, figure charismatique et populaire, nourrissant d\u2019innombrables m\u00e8mes sur les r\u00e9seaux ukrainiens, va quitter la direction du puissant renseignement militaire <a href=\"https:\/\/www.leparisien.fr\/international\/ukraine\/\" target=\"_self\" rel=\"noopener\">ukrainien<\/a>. Le pr\u00e9sident Volodymyr Zelensky a d\u00e9cid\u00e9 d\u2019en faire son bras droit, en remplacement d\u2019<a href=\"https:\/\/www.leparisien.fr\/international\/demission-du-bras-droit-de-zelensky-il-tente-de-sauver-limage-du-president-ukrainien-28-11-2025-WA5WJXZTBNBZNJB6GHK7GCHTGE.php\" target=\"_self\" rel=\"noopener\">Andriy Yermak, qui a d\u00e9missionn\u00e9<\/a> \u00e0 la fin du mois de novembre apr\u00e8s avoir \u00e9t\u00e9 rattrap\u00e9 par un vaste <a href=\"https:\/\/www.leparisien.fr\/international\/ukraine\/guerre-en-ukraine-15-mois-denquete-avec-1-000-personnes-les-dessous-de-loperation-midas-a-lorigine-du-scandale-de-corruption-14-11-2025-KSSWTXGW2NHINNKIWJ7VLHBZ7E.php\" target=\"_self\" rel=\"noopener\">scandale de corruption<\/a>.<\/p>\n<p class=\"\">Cette nomination a pris plus de temps que pr\u00e9vu. Le chef de l\u2019\u00c9tat h\u00e9sitait entre deux profils : plus politique pour mener des r\u00e9formes ? Ou plus militaire pour recentrer le bureau pr\u00e9sidentiel sur la d\u00e9fense et la s\u00e9curit\u00e9, \u00e0 la fa\u00e7on d\u2019un cabinet de guerre ?<\/p>\n","protected":false},"excerpt":{"rendered":"L\u2019homme qui ne souriait jamais, le g\u00e9n\u00e9ral Kyrylo Boudanov, figure charismatique et populaire, nourrissant d\u2019innombrables m\u00e8mes sur les&hellip;\n","protected":false},"author":2,"featured_media":639804,"comment_status":"","ping_status":"","sticky":false,"template":"","format":"standard","meta":{"footnotes":""},"categories":[5],"tags":[11,1011,27,14,12,220,28],"class_list":{"0":"post-639803","1":"post","2":"type-post","3":"status-publish","4":"format-standard","5":"has-post-thumbnail","7":"category-international","8":"tag-actualites","9":"tag-fr","10":"tag-france","11":"tag-international","12":"tag-news","13":"tag-ukraine","14":"tag-world"},"share_on_mastodon":{"url":"https:\/\/pubeurope.com\/@fr\/115835366479372748","error":""},"_links":{"self":[{"href":"https:\/\/www.europesays.com\/fr\/wp-json\/wp\/v2\/posts\/639803","targetHints":{"allow":["GET"]}}],"collection":[{"href":"https:\/\/www.europesays.com\/fr\/wp-json\/wp\/v2\/posts"}],"about":[{"href":"https:\/\/www.europesays.com\/fr\/wp-json\/wp\/v2\/types\/post"}],"author":[{"embeddable":true,"href":"https:\/\/www.europesays.com\/fr\/wp-json\/wp\/v2\/users\/2"}],"replies":[{"embeddable":true,"href":"https:\/\/www.europesays.com\/fr\/wp-json\/wp\/v2\/comments?post=639803"}],"version-history":[{"count":0,"href":"https:\/\/www.europesays.com\/fr\/wp-json\/wp\/v2\/posts\/639803\/revisions"}],"wp:featuredmedia":[{"embeddable":true,"href":"https:\/\/www.europesays.com\/fr\/wp-json\/wp\/v2\/media\/639804"}],"wp:attachment":[{"href":"https:\/\/www.europesays.com\/fr\/wp-json\/wp\/v2\/media?parent=639803"}],"wp:term":[{"taxonomy":"category","embeddable":true,"href":"https:\/\/www.europesays.com\/fr\/wp-json\/wp\/v2\/categories?post=639803"},{"taxonomy":"post_tag","embeddable":true,"href":"https:\/\/www.europesays.com\/fr\/wp-json\/wp\/v2\/tags?post=639803"}],"curies":[{"name":"wp","href":"https:\/\/api.w.org\/{rel}","templated":true}]}}