{"id":639809,"date":"2026-01-04T06:18:11","date_gmt":"2026-01-04T06:18:11","guid":{"rendered":"https:\/\/www.europesays.com\/fr\/639809\/"},"modified":"2026-01-04T06:18:11","modified_gmt":"2026-01-04T06:18:11","slug":"saint-etienne-comment-le-street-artiste-azote-a-envahi-lagglo-avec-son-extraterrestre-napi","status":"publish","type":"post","link":"https:\/\/www.europesays.com\/fr\/639809\/","title":{"rendered":"Saint-\u00c9tienne. Comment le street artiste Azote a envahi l\u2019agglo avec son extraterrestre Napi"},"content":{"rendered":"<p>\u00ab\u00a0Pour l\u2019Urssaf, je suis class\u00e9 dans la cat\u00e9gorie des artistes. Mais moi, je ne me consid\u00e8re pas comme un artiste. Quand on me demande ce que je fais, je r\u00e9ponds peintre ou graffeur. Pour moi, un artiste, c\u2019est quelqu\u2019un de mort depuis longtemps et dont on parle encore, quelqu\u2019un qui a laiss\u00e9 une trace\u00a0\u00bb, confie Azote.<\/p>\n<p>Azote, un nom qui ne parle peut-\u00eatre pas \u00e0 beaucoup de gens en dehors des amateurs de street art. Pourtant, impossible ou presque d\u2019\u00eatre pass\u00e9 \u00e0 c\u00f4t\u00e9 d\u2019un de ses dessins en 2025.<\/p>\n<p>En novembre, il a pos\u00e9 sa patte <a href=\"https:\/\/www.leprogres.fr\/culture-loisirs\/2025\/11\/16\/street-art-au-mausa-une-nouvelle-fresque-inspiree-du-cambriolage-du-louvre\" target=\"_blank\" rel=\"noopener\">sur un mur du Mausa<\/a>, le tout nouveau mus\u00e9e des Arts urbains et du Street art, \u00e0 Saint-Chamond, et a expos\u00e9 chez Shark\u2019s Tattoo \u00e0 Saint-\u00c9tienne. En octobre, il a fait un \u00ab\u00a0live painting\u00a0\u00bb \u00e0 la Librairie de Paris \u00e0 l\u2019occasion de la F\u00eate&#8230;<\/p>\n","protected":false},"excerpt":{"rendered":"\u00ab\u00a0Pour l\u2019Urssaf, je suis class\u00e9 dans la cat\u00e9gorie des artistes. Mais moi, je ne me consid\u00e8re pas comme&hellip;\n","protected":false},"author":2,"featured_media":639810,"comment_status":"","ping_status":"","sticky":false,"template":"","format":"standard","meta":{"footnotes":""},"categories":[9653],"tags":[1111,11,2430,1687,7539,1777,674,2271,1011,27,12,25,4001,7538],"class_list":{"0":"post-639809","1":"post","2":"type-post","3":"status-publish","4":"format-standard","5":"has-post-thumbnail","7":"category-saint-etienne","8":"tag-actu","9":"tag-actualites","10":"tag-auvergne-rhone-alpes","11":"tag-culture-loisirs","12":"tag-edition-loire-sud","13":"tag-eu","14":"tag-europe","15":"tag-exposition-arts-plastiques","16":"tag-fr","17":"tag-france","18":"tag-news","19":"tag-republique-francaise","20":"tag-saint-etienne","21":"tag-saint-etienne-ville"},"share_on_mastodon":{"url":"https:\/\/pubeurope.com\/@fr\/115835378294095086","error":""},"_links":{"self":[{"href":"https:\/\/www.europesays.com\/fr\/wp-json\/wp\/v2\/posts\/639809","targetHints":{"allow":["GET"]}}],"collection":[{"href":"https:\/\/www.europesays.com\/fr\/wp-json\/wp\/v2\/posts"}],"about":[{"href":"https:\/\/www.europesays.com\/fr\/wp-json\/wp\/v2\/types\/post"}],"author":[{"embeddable":true,"href":"https:\/\/www.europesays.com\/fr\/wp-json\/wp\/v2\/users\/2"}],"replies":[{"embeddable":true,"href":"https:\/\/www.europesays.com\/fr\/wp-json\/wp\/v2\/comments?post=639809"}],"version-history":[{"count":0,"href":"https:\/\/www.europesays.com\/fr\/wp-json\/wp\/v2\/posts\/639809\/revisions"}],"wp:featuredmedia":[{"embeddable":true,"href":"https:\/\/www.europesays.com\/fr\/wp-json\/wp\/v2\/media\/639810"}],"wp:attachment":[{"href":"https:\/\/www.europesays.com\/fr\/wp-json\/wp\/v2\/media?parent=639809"}],"wp:term":[{"taxonomy":"category","embeddable":true,"href":"https:\/\/www.europesays.com\/fr\/wp-json\/wp\/v2\/categories?post=639809"},{"taxonomy":"post_tag","embeddable":true,"href":"https:\/\/www.europesays.com\/fr\/wp-json\/wp\/v2\/tags?post=639809"}],"curies":[{"name":"wp","href":"https:\/\/api.w.org\/{rel}","templated":true}]}}