{"id":639811,"date":"2026-01-04T06:19:12","date_gmt":"2026-01-04T06:19:12","guid":{"rendered":"https:\/\/www.europesays.com\/fr\/639811\/"},"modified":"2026-01-04T06:19:12","modified_gmt":"2026-01-04T06:19:12","slug":"saint-etienne-bailleur-social-police-municipale-etudiants-et-jeunes-actifs-emmenageront-a-loubet-en-2026","status":"publish","type":"post","link":"https:\/\/www.europesays.com\/fr\/639811\/","title":{"rendered":"Saint-\u00c9tienne. Bailleur social, police municipale, \u00e9tudiants et jeunes actifs emm\u00e9nageront \u00e0 Loubet en 2026"},"content":{"rendered":"<p>Construit en 1971 dans le quartier de Tarentaize-Beaubrun, avenue Emile-Loubet, et longtemps occup\u00e9 par la CPAM, l\u2019Urssaf et la CAF, l\u2019embl\u00e9matique ancien \u00ab\u00a0immeuble de la S\u00e9cu\u00a0\u00bb va accueillir de nouveaux occupants au cours de l\u2019ann\u00e9e 2026.<\/p>\n<p>Fin 2025, en novembre, c\u2019est le si\u00e8ge administratif d\u2019Habitat &amp; M\u00e9tropole qui y a emm\u00e9nag\u00e9 aux cinq derniers \u00e9tages. Au printemps 2026, c\u2019est la direction territoriale Furan du bailleur social qui va y prendre ses quartiers, au rez-de-chauss\u00e9e et au premier \u00e9tage, pour consolider sa pr\u00e9sence aupr\u00e8s de ses locataires.<\/p>\n<p>  Une r\u00e9sidence pour les moins de 30 ans<\/p>\n<p>Un peu plus haut, aux\u00a0deuxi\u00e8me, troisi\u00e8me et quatri\u00e8me \u00e9tages, la r\u00e9sidence jeune, baptis\u00e9e Le Neoz, va accueillir ses premiers locataires en avril.\u00a0La particularit\u00e9 de cette r\u00e9sidence, qui sera g\u00e9r\u00e9e par Habitat &amp; M\u00e9tropole, c\u2019est qu\u2019elle sera ouverte \u00e0 tous les moins de 30 ans, \u00e9tudiants, alternants, en service civique, mais aussi aux jeunes actifs.\u00a0Les appartements am\u00e9nag\u00e9s sont enti\u00e8rement r\u00e9nov\u00e9s, meubl\u00e9s et \u00e9quip\u00e9s.<\/p>\n<p>Courant 2026, pr\u00e8s de 200 agents municipaux s\u2019installeront aussi dans l\u2019immeuble Loubet qui abritera, sur 5\u00a0000 m 2 , un p\u00f4le s\u00e9curit\u00e9. Ce PC de gestion de crise de la Ville sera compos\u00e9 du bureau de police municipale de Tarentaize, ainsi que du centre de supervision urbain o\u00f9 sont\u00a0visionn\u00e9es les images des cam\u00e9ras de vid\u00e9oprotection. Ces deux derniers d\u00e9m\u00e9nageront de la place Roanelle, non loin de l\u00e0.<\/p>\n<p>Il faudra attendre 2027 pour voir s\u2019installer les archives municipales et m\u00e9tropolitaines, la cin\u00e9math\u00e8que et le M\u00e9morial de la r\u00e9sistance et de la d\u00e9portation.<\/p>\n","protected":false},"excerpt":{"rendered":"Construit en 1971 dans le quartier de Tarentaize-Beaubrun, avenue Emile-Loubet, et longtemps occup\u00e9 par la CPAM, l\u2019Urssaf et&hellip;\n","protected":false},"author":2,"featured_media":639812,"comment_status":"","ping_status":"","sticky":false,"template":"","format":"standard","meta":{"footnotes":""},"categories":[9653],"tags":[1111,11,2430,4749,4406,33,7539,1777,674,1011,27,1116,1908,12,25,4001,7538,801,104],"class_list":{"0":"post-639811","1":"post","2":"type-post","3":"status-publish","4":"format-standard","5":"has-post-thumbnail","7":"category-saint-etienne","8":"tag-actu","9":"tag-actualites","10":"tag-auvergne-rhone-alpes","11":"tag-btp-et-chantiers","12":"tag-commerce-et-services","13":"tag-economie","14":"tag-edition-loire-sud","15":"tag-eu","16":"tag-europe","17":"tag-fr","18":"tag-france","19":"tag-immobilier","20":"tag-logement","21":"tag-news","22":"tag-republique-francaise","23":"tag-saint-etienne","24":"tag-saint-etienne-ville","25":"tag-social","26":"tag-societe"},"share_on_mastodon":{"url":"https:\/\/pubeurope.com\/@fr\/115835382212231624","error":""},"_links":{"self":[{"href":"https:\/\/www.europesays.com\/fr\/wp-json\/wp\/v2\/posts\/639811","targetHints":{"allow":["GET"]}}],"collection":[{"href":"https:\/\/www.europesays.com\/fr\/wp-json\/wp\/v2\/posts"}],"about":[{"href":"https:\/\/www.europesays.com\/fr\/wp-json\/wp\/v2\/types\/post"}],"author":[{"embeddable":true,"href":"https:\/\/www.europesays.com\/fr\/wp-json\/wp\/v2\/users\/2"}],"replies":[{"embeddable":true,"href":"https:\/\/www.europesays.com\/fr\/wp-json\/wp\/v2\/comments?post=639811"}],"version-history":[{"count":0,"href":"https:\/\/www.europesays.com\/fr\/wp-json\/wp\/v2\/posts\/639811\/revisions"}],"wp:featuredmedia":[{"embeddable":true,"href":"https:\/\/www.europesays.com\/fr\/wp-json\/wp\/v2\/media\/639812"}],"wp:attachment":[{"href":"https:\/\/www.europesays.com\/fr\/wp-json\/wp\/v2\/media?parent=639811"}],"wp:term":[{"taxonomy":"category","embeddable":true,"href":"https:\/\/www.europesays.com\/fr\/wp-json\/wp\/v2\/categories?post=639811"},{"taxonomy":"post_tag","embeddable":true,"href":"https:\/\/www.europesays.com\/fr\/wp-json\/wp\/v2\/tags?post=639811"}],"curies":[{"name":"wp","href":"https:\/\/api.w.org\/{rel}","templated":true}]}}