{"id":63982,"date":"2025-04-30T09:04:08","date_gmt":"2025-04-30T09:04:08","guid":{"rendered":"https:\/\/www.europesays.com\/fr\/63982\/"},"modified":"2025-04-30T09:04:08","modified_gmt":"2025-04-30T09:04:08","slug":"comment-transdev-prepare-son-arrivee-sur-la-ligne-marseille-toulon-nice","status":"publish","type":"post","link":"https:\/\/www.europesays.com\/fr\/63982\/","title":{"rendered":"comment Transdev pr\u00e9pare son arriv\u00e9e sur la ligne Marseille-Toulon-Nice"},"content":{"rendered":"<p>Directeur g\u00e9n\u00e9ral de la branche ferroviaire de <a href=\"https:\/\/www.laprovence.com\/article\/societe\/53683232883322\/en-colere-les-chauffeurs-de-bus-transdev-de-salon-de-provence-tracent-eux-memes-des-interdictions-de-stationner\" target=\"_blank\" rel=\"nofollow noopener\">Transdev<\/a> en Provence-Alpes-C\u00f4te d&rsquo;Azur, Gwendal Gicquel supervise l\u2019arriv\u00e9e de cet op\u00e9rateur sur la ligne Marseille-Toulon-Nice, en remplacement de la SNCF. Deux mois avant cette bascule in\u00e9dite, il r\u00e9pond aux questions de \u00ab\u00a0La Provence\u00a0\u00bb.<\/p>\n<p><strong>Vous allez prendre le relais de la SNCF sur la ligne Marseille-Toulon-Nice le 29\u00a0juin. \u00cates-vous pr\u00eats\u00a0?<\/strong>&#13;\n<\/p>\n<p>Oui, totalement. Le projet peut se r\u00e9sumer en trois phases, avec la construction d\u2019un site de maintenance, le mat\u00e9riel roulant qui arrive, et les \u00e9quipes qui commencent \u00e0 \u00eatre au complet, pour la conduite comme l\u2019accompagnement \u00e0 bord, ou la maintenance. On sera pr\u00eats le 29\u00a0juin pour d\u00e9marrer, avec 14 allers-retours par jour.<\/p>\n<p><strong>\u00c0 quoi doit s\u2019attendre le voyageur\u00a0?<\/strong>&#13;\n<\/p>\n<p>Le nombre de circulations va doubler d\u00e8s le premier jour, avec du mat\u00e9riel qui \u00e9volue. Ces trains Omneo tout neufs, fournis par Alstom, disposent d\u2019une premi\u00e8re et d\u2019une seconde classe. Ils ont \u00e0 bord des services nouveaux, du Wi-Fi, un portail de divertissement, de la restauration l\u00e9g\u00e8re avec, de pr\u00e9f\u00e9rence, des produits du terroir local, des boissons, la possibilit\u00e9 de <a href=\"https:\/\/www.laprovence.com\/article\/region\/26990420271869\/la-region-interdit-le-velo-dans-le-train-marseille-toulon-aux-heures-de-pointe-les-velotaffeurs-sans-solution\" target=\"_blank\" rel=\"nofollow noopener\">monter \u00e0 bord avec son v\u00e9lo<\/a>, plus d\u2019espace pour les bagages\u2026 Le changement est radical.<\/p>\n<p>Des \u00ab\u00a0rames de r\u00e9serve\u00a0\u00bb pour anticiper les pannes<\/p>\n<p><strong>Vous subissez un retard de livraison des rames. Allez-vous bien en avoir 16\u00a0?<\/strong>&#13;\n<\/p>\n<p>Oui, on aura la totalit\u00e9 de la flotte achet\u00e9e \u00e0 Alstom d\u2019ici \u00e0 fin novembre. Le 29\u00a0juin, on en aura huit. Elles seront compl\u00e9t\u00e9es par du mat\u00e9riel lou\u00e9 aupr\u00e8s d\u2019autres R\u00e9gions, de mani\u00e8re temporaire. Trois arriveront en juillet, et les cinq autres d\u2019ici \u00e0 octobre, novembre.<\/p>\n","protected":false},"excerpt":{"rendered":"Directeur g\u00e9n\u00e9ral de la branche ferroviaire de Transdev en Provence-Alpes-C\u00f4te d&rsquo;Azur, Gwendal Gicquel supervise l\u2019arriv\u00e9e de cet op\u00e9rateur&hellip;\n","protected":false},"author":2,"featured_media":63983,"comment_status":"","ping_status":"","sticky":false,"template":"","format":"standard","meta":{"footnotes":""},"categories":[9619],"tags":[930,17,1111,11,6560,20,932,1777,674,1011,27,12,5109,882,16277,25,104,2310,16278],"class_list":{"0":"post-63982","1":"post","2":"type-post","3":"status-publish","4":"format-standard","5":"has-post-thumbnail","7":"category-toulon","8":"tag-le","9":"tag-17","10":"tag-actu","11":"tag-actualites","12":"tag-changement","13":"tag-comment","14":"tag-est","15":"tag-eu","16":"tag-europe","17":"tag-fr","18":"tag-france","19":"tag-news","20":"tag-prepare","21":"tag-provence-alpes-cote-dazur","22":"tag-radical","23":"tag-republique-francaise","24":"tag-societe","25":"tag-toulon","26":"tag-transdev"},"share_on_mastodon":{"url":"https:\/\/pubeurope.com\/@fr\/114426115859907470","error":""},"_links":{"self":[{"href":"https:\/\/www.europesays.com\/fr\/wp-json\/wp\/v2\/posts\/63982","targetHints":{"allow":["GET"]}}],"collection":[{"href":"https:\/\/www.europesays.com\/fr\/wp-json\/wp\/v2\/posts"}],"about":[{"href":"https:\/\/www.europesays.com\/fr\/wp-json\/wp\/v2\/types\/post"}],"author":[{"embeddable":true,"href":"https:\/\/www.europesays.com\/fr\/wp-json\/wp\/v2\/users\/2"}],"replies":[{"embeddable":true,"href":"https:\/\/www.europesays.com\/fr\/wp-json\/wp\/v2\/comments?post=63982"}],"version-history":[{"count":0,"href":"https:\/\/www.europesays.com\/fr\/wp-json\/wp\/v2\/posts\/63982\/revisions"}],"wp:featuredmedia":[{"embeddable":true,"href":"https:\/\/www.europesays.com\/fr\/wp-json\/wp\/v2\/media\/63983"}],"wp:attachment":[{"href":"https:\/\/www.europesays.com\/fr\/wp-json\/wp\/v2\/media?parent=63982"}],"wp:term":[{"taxonomy":"category","embeddable":true,"href":"https:\/\/www.europesays.com\/fr\/wp-json\/wp\/v2\/categories?post=63982"},{"taxonomy":"post_tag","embeddable":true,"href":"https:\/\/www.europesays.com\/fr\/wp-json\/wp\/v2\/tags?post=63982"}],"curies":[{"name":"wp","href":"https:\/\/api.w.org\/{rel}","templated":true}]}}