{"id":639822,"date":"2026-01-04T06:35:46","date_gmt":"2026-01-04T06:35:46","guid":{"rendered":"https:\/\/www.europesays.com\/fr\/639822\/"},"modified":"2026-01-04T06:35:46","modified_gmt":"2026-01-04T06:35:46","slug":"rennes-frappe-fort-a-lille","status":"publish","type":"post","link":"https:\/\/www.europesays.com\/fr\/639822\/","title":{"rendered":"Rennes frappe fort \u00e0 Lille !"},"content":{"rendered":"<p>R\u00e9duits en inf\u00e9riorit\u00e9 num\u00e9rique d\u00e8s<br \/>\nl&rsquo;entame de ce choc de haut de tableau, les Dogues ont fini par<br \/>\nplier face au r\u00e9alisme des Bretons.<\/p>\n<p>Le LOSC et le Stade Rennais avaient rendez-vous ce samedi au<br \/>\nstade Pierre-Mauroy pour le compte de la 17\u1d49 journ\u00e9e de Ligue 1. La<br \/>\nrencontre prenait rapidement une tournure intense avec l\u2019expulsion<br \/>\nd\u2019Alexsandro d\u00e8s la 13\u1d49 minute.<\/p>\n<blockquote class=\"twitter-tweet\"><p><a class=\"twitter-link\" rel=\"noindex, nofollow noopener\" href=\"https:\/\/twitter.com\/ligue1plus\/status\/2007549534688178488\" target=\"_blank\"><\/p><\/blockquote>\n<p>Le d\u00e9fenseur br\u00e9silien, titularis\u00e9 pour la premi\u00e8re fois depuis<br \/>\nmi-septembre apr\u00e8s une blessure au quadriceps droit, manquait<br \/>\ntotalement son retour et se rendait fautif d\u2019un accrochage sur<br \/>\nBreel Embolo. Malgr\u00e9 cet \u00e9pisode, les deux \u00e9quipes regagnaient les<br \/>\nvestiaires sur un score nul et vierge.<\/p>\n<p>Rennes acc\u00e9l\u00e8re et punit Lille<\/p>\n<p>En seconde p\u00e9riode, les hommes d\u2019Habib Beye finissaient par<br \/>\nfaire valoir leur sup\u00e9riorit\u00e9 num\u00e9rique. Sur un centre venu du<br \/>\nflanc gauche, Lilian Brassier trouvait la t\u00eate de Przemys\u0142aw<br \/>\nFrankowski, qui concluait au second poteau (0-1, 49\u1d49). Les Bretons<br \/>\nprenaient ensuite le large avant l\u2019heure de jeu.<\/p>\n<blockquote class=\"twitter-tweet\"><p><a class=\"twitter-link\" rel=\"noindex, nofollow noopener\" href=\"https:\/\/twitter.com\/ligue1plus\/status\/2007563801156092340\" target=\"_blank\"><\/p><\/blockquote>\n<p>\u00c0 la suite d\u2019un corner lillois mal exploit\u00e9, les Rouge et Noir<br \/>\nse projetaient rapidement en contre. Totalement oubli\u00e9 dans la<br \/>\nsurface lors d\u2019un repli d\u00e9fensif lillois, Quentin Merlin ajustait<br \/>\nBerke \u00d6zer d\u2019une frappe rasante du pied gauche (0-2, 57\u1d49). Ce<br \/>\nr\u00e9sultat permet \u00e0 Lille de conserver provisoirement sa 4\u1d49 place au<br \/>\nclassement, tandis que Rennes reste 6\u1d49.<\/p>\n<p><script async src=\"https:\/\/platform.twitter.com\/widgets.js\" charset=\"utf-8\"><\/script><\/p>\n","protected":false},"excerpt":{"rendered":"R\u00e9duits en inf\u00e9riorit\u00e9 num\u00e9rique d\u00e8s l&rsquo;entame de ce choc de haut de tableau, les Dogues ont fini par&hellip;\n","protected":false},"author":2,"featured_media":639823,"comment_status":"","ping_status":"","sticky":false,"template":"","format":"standard","meta":{"footnotes":""},"categories":[2821],"tags":[1111,11,829,1777,674,1011,27,12,584,25],"class_list":{"0":"post-639822","1":"post","2":"type-post","3":"status-publish","4":"format-standard","5":"has-post-thumbnail","7":"category-rennes","8":"tag-actu","9":"tag-actualites","10":"tag-bretagne","11":"tag-eu","12":"tag-europe","13":"tag-fr","14":"tag-france","15":"tag-news","16":"tag-rennes","17":"tag-republique-francaise"},"share_on_mastodon":{"url":"https:\/\/pubeurope.com\/@fr\/115835449054338507","error":""},"_links":{"self":[{"href":"https:\/\/www.europesays.com\/fr\/wp-json\/wp\/v2\/posts\/639822","targetHints":{"allow":["GET"]}}],"collection":[{"href":"https:\/\/www.europesays.com\/fr\/wp-json\/wp\/v2\/posts"}],"about":[{"href":"https:\/\/www.europesays.com\/fr\/wp-json\/wp\/v2\/types\/post"}],"author":[{"embeddable":true,"href":"https:\/\/www.europesays.com\/fr\/wp-json\/wp\/v2\/users\/2"}],"replies":[{"embeddable":true,"href":"https:\/\/www.europesays.com\/fr\/wp-json\/wp\/v2\/comments?post=639822"}],"version-history":[{"count":0,"href":"https:\/\/www.europesays.com\/fr\/wp-json\/wp\/v2\/posts\/639822\/revisions"}],"wp:featuredmedia":[{"embeddable":true,"href":"https:\/\/www.europesays.com\/fr\/wp-json\/wp\/v2\/media\/639823"}],"wp:attachment":[{"href":"https:\/\/www.europesays.com\/fr\/wp-json\/wp\/v2\/media?parent=639822"}],"wp:term":[{"taxonomy":"category","embeddable":true,"href":"https:\/\/www.europesays.com\/fr\/wp-json\/wp\/v2\/categories?post=639822"},{"taxonomy":"post_tag","embeddable":true,"href":"https:\/\/www.europesays.com\/fr\/wp-json\/wp\/v2\/tags?post=639822"}],"curies":[{"name":"wp","href":"https:\/\/api.w.org\/{rel}","templated":true}]}}