{"id":639826,"date":"2026-01-04T06:39:36","date_gmt":"2026-01-04T06:39:36","guid":{"rendered":"https:\/\/www.europesays.com\/fr\/639826\/"},"modified":"2026-01-04T06:39:36","modified_gmt":"2026-01-04T06:39:36","slug":"cherif-va-quitter-angers-coup-dur-pour-nice-avec-richardson","status":"publish","type":"post","link":"https:\/\/www.europesays.com\/fr\/639826\/","title":{"rendered":"Ch\u00e9rif va quitter Angers, coup dur pour Nice avec Richardson ?"},"content":{"rendered":"<p>Le SCO Angers pourrait bient\u00f4t perdre l\u2019un de ses jeunes talents les plus prometteurs. \u00c0 seulement 19 ans, Sidiki Ch\u00e9rif attire les convoitises et un d\u00e9part imminent semble se dessiner. \u00ab Avec les offres qu\u2019il y a, on s\u2019attend \u00e0 ce que Sidiki Ch\u00e9rif parte. C\u2019est comme \u00e7a, je l\u2019ai int\u00e9gr\u00e9. Quand ? C\u2019est une autre question. Mais c\u2019est un joueur tr\u00e8s important qui va certainement nous quitter \u00bb, a d\u00e9clar\u00e9 Alexandre Dujeux, l\u2019entra\u00eeneur angevin, lucide sur l\u2019impact sportif mais conscient des enjeux financiers.<\/p>\n<p>Ch\u00e9rif, auteur cette saison de 17 apparitions et quatre buts toutes comp\u00e9titions confondues, serait courtis\u00e9 par le Paris FC, qui aurait formul\u00e9 une offre estim\u00e9e \u00e0 23 millions d\u2019euros. Pour Angers, la vente repr\u00e9senterait un coup \u00e9conomique important et pourrait intervenir d\u00e8s ce mercato hivernal.<\/p>\n<p>A lire aussi :L&rsquo;Arabie Saoudite attaque Richardson<\/p>\n<p>Pendant ce temps, Nice, qui s\u2019int\u00e9resse activement \u00e0 Amir Richardson, se retrouve confront\u00e9 \u00e0 une concurrence inattendue. Le milieu marocain de 23 ans, sous contrat avec la Fiorentina jusqu\u2019en 2029, a donn\u00e9 sa priorit\u00e9 aux Aiglons, mais le club saoudien Neom est entr\u00e9 dans la course avec une offre financi\u00e8re attractive selon l&rsquo;Equipe.<\/p>\n<p>Neom, d\u00e9j\u00e0 pr\u00e9sent sur le march\u00e9 fran\u00e7ais avec des recrues comme Marcin Bulka, Alexandre Lacazette ou Sa\u00efd Benrahma, cherche \u00e0 s\u00e9duire des joueurs \u00e0 fort potentiel comme Richardson. Les discussions avec la Fiorentina sont en cours, notamment sur un pr\u00eat, mais la pr\u00e9sence d\u2019un club riche et ambitieux pourrait compliquer la transaction pour Nice.<\/p>\n<p>   Partagez cette info avec vos amis et vos proches en cliquant ici<br \/> Pour r\u00e9sumer<\/p>\n<p>Sidiki Ch\u00e9rif (19 ans) va probablement quitter Angers cet hiver, selon Dujeux : \u00ab C\u2019est un joueur tr\u00e8s important qui va certainement nous quitter \u00bb. Pendant ce temps, Nice vise Amir Richardson, mais le club saoudien Neom entre en concurrence, compliquant la priorit\u00e9 du joueur pour les Aiglons.<\/p>\n<p>R\u00e9dacteur<\/p>\n<p><img decoding=\"async\" width=\"76\" height=\"76\" loading=\"lazy\" src=\"https:\/\/www.europesays.com\/fr\/wp-content\/uploads\/2025\/04\/logo-julien-pedebos.jpg\" alt=\"Julien P\u00e9debos\"\/><\/p>\n","protected":false},"excerpt":{"rendered":"Le SCO Angers pourrait bient\u00f4t perdre l\u2019un de ses jeunes talents les plus prometteurs. \u00c0 seulement 19 ans,&hellip;\n","protected":false},"author":2,"featured_media":639827,"comment_status":"","ping_status":"","sticky":false,"template":"","format":"standard","meta":{"footnotes":""},"categories":[2819],"tags":[1111,11,1777,674,1011,27,66,12,2401,882,25,10662],"class_list":{"0":"post-639826","1":"post","2":"type-post","3":"status-publish","4":"format-standard","5":"has-post-thumbnail","7":"category-nice","8":"tag-actu","9":"tag-actualites","10":"tag-eu","11":"tag-europe","12":"tag-fr","13":"tag-france","14":"tag-ligue-1","15":"tag-news","16":"tag-nice","17":"tag-provence-alpes-cote-dazur","18":"tag-republique-francaise","19":"tag-transferts"},"share_on_mastodon":{"url":"https:\/\/pubeurope.com\/@fr\/115835461007161037","error":""},"_links":{"self":[{"href":"https:\/\/www.europesays.com\/fr\/wp-json\/wp\/v2\/posts\/639826","targetHints":{"allow":["GET"]}}],"collection":[{"href":"https:\/\/www.europesays.com\/fr\/wp-json\/wp\/v2\/posts"}],"about":[{"href":"https:\/\/www.europesays.com\/fr\/wp-json\/wp\/v2\/types\/post"}],"author":[{"embeddable":true,"href":"https:\/\/www.europesays.com\/fr\/wp-json\/wp\/v2\/users\/2"}],"replies":[{"embeddable":true,"href":"https:\/\/www.europesays.com\/fr\/wp-json\/wp\/v2\/comments?post=639826"}],"version-history":[{"count":0,"href":"https:\/\/www.europesays.com\/fr\/wp-json\/wp\/v2\/posts\/639826\/revisions"}],"wp:featuredmedia":[{"embeddable":true,"href":"https:\/\/www.europesays.com\/fr\/wp-json\/wp\/v2\/media\/639827"}],"wp:attachment":[{"href":"https:\/\/www.europesays.com\/fr\/wp-json\/wp\/v2\/media?parent=639826"}],"wp:term":[{"taxonomy":"category","embeddable":true,"href":"https:\/\/www.europesays.com\/fr\/wp-json\/wp\/v2\/categories?post=639826"},{"taxonomy":"post_tag","embeddable":true,"href":"https:\/\/www.europesays.com\/fr\/wp-json\/wp\/v2\/tags?post=639826"}],"curies":[{"name":"wp","href":"https:\/\/api.w.org\/{rel}","templated":true}]}}