{"id":639828,"date":"2026-01-04T06:40:11","date_gmt":"2026-01-04T06:40:11","guid":{"rendered":"https:\/\/www.europesays.com\/fr\/639828\/"},"modified":"2026-01-04T06:40:11","modified_gmt":"2026-01-04T06:40:11","slug":"municipales-a-nantes-foulques-chombart-de-lauwe-peut-il-faire-tomber-johanna-rolland","status":"publish","type":"post","link":"https:\/\/www.europesays.com\/fr\/639828\/","title":{"rendered":"Municipales\u00a0: \u00e0 Nantes, Foulques Chombart de Lauwe peut-il faire tomber Johanna Rolland\u00a0?"},"content":{"rendered":"<p>Un maire sortant a souvent l\u2019avantage sur ses adversaires. \u00c0 Nantes, Johanna Rolland conserve les cl\u00e9s de l\u2019H\u00f4tel de ville depuis 2014 et le Parti socialiste pr\u00e9side aux destin\u00e9es de la cit\u00e9 des ducs de Bretagne depuis bient\u00f4t trente-sept ans. L\u2019\u00e9lue, qui avait obtenu 31,36\u00a0% au premier tour de 2020, peut aussi compter cette ann\u00e9e sur une alliance avec les \u00e9cologistes avant m\u00eame le second tour. Il y a six ans, en additionnant leurs scores obtenus au premier, PS et EELV atteignaient pr\u00e8s de 51\u00a0%. De quoi plier le match en mars prochain\u00a0? Peut-\u00eatre pas.<\/p>\n<p>Car droite et centre sont aussi exceptionnellement rassembl\u00e9s autour d\u2019un candidat commun, Foulques Chombart de Lauwe. Un inconnu ayant r\u00e9ussi l\u2019exploit, en ao\u00fbt dernier, de terrasser le candidat \u00ab\u00a0naturel\u00a0\u00bb des R\u00e9publicains, Julien Bainvel, \u00e0 l\u2019occasion d\u2019une primaire interne. Avant de r\u00e9unir derri\u00e8re son nom les partis Horizons, MoDem et Renaissance. De quoi donner des ailes \u00e0 ce Nantais \u00ab\u00a0pur beurre\u00a0\u00bb, comme il se d\u00e9crit, qui a pass\u00e9 une partie de sa vie professionnelle \u00e0 l\u2019international.<\/p>\n<p>Population toujours croissante<\/p>\n<p>Illustration d\u2019une certaine attractivit\u00e9, Johanna Rolland peut se targuer de voir sa ville cro\u00eetre en population, m\u00eame si la pente est moins forte ces derni\u00e8res ann\u00e9es. <a href=\"https:\/\/www.letelegramme.fr\/loire-atlantique\/nantes-44000\/population-de-nantes-nombre-dhabitants-carte-tous-les-chiffres-de-demographie-6728093.php\" target=\"_blank\" rel=\"noopener\">Avec plus de 325\u00a0000 habitants (684\u00a0000 pour la m\u00e9tropole), Nantes conserve sa sixi\u00e8me place des villes fran\u00e7aise<\/a>s. Elle sera dot\u00e9e, d\u2019ici \u00e0 fin 2027, d\u2019un nouveau CHU constituant aujourd\u2019hui l\u2019un des plus grands chantiers hospitaliers d\u2019Europe, qui sera reli\u00e9 au tramway gr\u00e2ce \u00e0 la construction de deux nouvelles lignes.<\/p>\n<p><img decoding=\"async\" src=\"https:\/\/www.europesays.com\/fr\/wp-content\/uploads\/2026\/01\/6957df97071c86baa30591f6.1.jpeg\" width=\"480\" height=\"300\" class=\"web_golden_m\" loading=\"lazy\" alt=\"Johanna Rolland maire de Nantes\"\/>Johanna Rolland maire de Nantes (Photo d\u2019archives Fran\u00e7ois Derstoc)<\/p>\n<p>Lieu pour les femmes victimes de violence (Citad\u2019elles), r\u00e9seau de pistes cyclables \u00e9tendu, programme culturel riche\u2026\u00a0: Johanna Rolland a encha\u00een\u00e9 les projets, quitte parfois \u00e0 crisper, <a href=\"https:\/\/www.letelegramme.fr\/loire-atlantique\/nantes-44000\/a-nantes-pourquoi-noel-tourne-au-vinaigre-6489972.php\" target=\"_blank\" rel=\"noopener\">\u00e0 l\u2019image du \u00ab\u00a0Voyage en hiver\u00a0\u00bb et de ses ternes illuminations<\/a>. Des pol\u00e9miques toutefois secondaires compar\u00e9es \u00e0 l\u2019immense trou d\u2019air travers\u00e9 par la maire en 2021-2022 autour des questions de s\u00e9curit\u00e9 et qu\u2019elle tra\u00eene encore comme un boulet.<\/p>\n<p>La s\u00e9curit\u00e9 pour th\u00e8me de campagne<\/p>\n<p>Depuis cette date, Nantes p\u00e2tit d\u2019une image &#8211; parfois exag\u00e9r\u00e9e &#8211; de ville \u00ab\u00a0coupe-gorge\u00a0\u00bb. <a href=\"https:\/\/www.letelegramme.fr\/bretagne\/insecurite-drogue-cassenbsp-comment-limage-de-nantes-sest-retournee-5475588.php\" target=\"_blank\" rel=\"noopener\">L\u2019explosion du narcotrafic, comme ailleurs en France, a objectivement vu la d\u00e9linquance progresser sur le d\u00e9but de mandat, avec son lot de guerre de territoires dans les quartiers o\u00f9 l\u2019on n\u2019h\u00e9site plus \u00e0 tirer \u00e0 la kalachnikov.<\/a> Mais, \u00e0 coups de recrutements de policiers nationaux et municipaux, ainsi que de cam\u00e9ras de vid\u00e9osurveillance &#8211; qui d\u00e9passent d\u00e9sormais les 350 -, la situation s\u2019est am\u00e9lior\u00e9e depuis trois ans. Ce que ne manque pas de rappeler Johanna Rolland. \u00ab\u00a0Jamais la ville de Nantes n\u2019aura autant investi en mati\u00e8re de s\u00e9curit\u00e9 que dans ce mandat. Nous avons doubl\u00e9 les effectifs de la police municipale. J\u2019ai aussi fait voter, \u00e0 l\u2019unanimit\u00e9, la mise en place de la police m\u00e9tropolitaine des transports en commun. On a activ\u00e9 tous les maillons de la cha\u00eene\u00a0: l\u2019\u00e9ducation, la pr\u00e9vention, mais aussi la sanction et la fermet\u00e9. On va continuer avec le m\u00eame s\u00e9rieux, avec la m\u00eame d\u00e9termination.\u00a0\u00bb<\/p>\n<p>Une r\u00e9action trop tardive et insuffisante selon son adversaire, qui plaide pour 900 ou 1\u00a0000 cam\u00e9ras et veut doter la police municipale d\u2019armes l\u00e9tales, ce \u00e0 quoi se refuse la maire, \u00ab\u00a0otage de ses alli\u00e9s \u00e9cologistes\u00a0\u00bb, selon Chombart de Lauwe, accus\u00e9, pour sa part, par Johanna Rolland de flirter avec le Rassemblement national. Ce qu\u2019il r\u00e9fute. \u00ab\u00a0Il n\u2019y aura pas d\u2019alliance avec l\u2019extr\u00eame droite.\u00a0\u00bb<\/p>\n<p>Alliance cach\u00e9e avec LFI\u00a0?<\/p>\n<p>A contrario, le candidat de la droite reste persuad\u00e9 que la maire sortante tendra, elle, la main \u00e0 l\u2019extr\u00eame gauche et aux insoumis dans l\u2019entre-deux-tours\u00a0; les \u00e9cologistes ayant d\u00e9j\u00e0 ouvert la porte \u00e0 une alliance. Des accusations que la socialiste balaie d\u2019un revers de la main. \u00ab\u00a0J\u2019ai fait un choix tr\u00e8s clair. J\u2019ai dit que je voulais une campagne de premier tour rassembl\u00e9e, sans accord avec LFI. Les gens d\u00e9testent qu\u2019on soit d\u00e9j\u00e0 en train de faire des pronostics pour l\u2019apr\u00e8s. C\u2019est un respect des \u00e9tapes d\u00e9mocratiques. Je n\u2019ai qu\u2019un seul adversaire dans cette campagne, c\u2019est la droite et l\u2019extr\u00eame droite\u00a0\u00bb, affirme-t-elle. Rendez-vous est pris au 16 mars, lendemain du premier tour, pour le v\u00e9rifier.<\/p>\n","protected":false},"excerpt":{"rendered":"Un maire sortant a souvent l\u2019avantage sur ses adversaires. \u00c0 Nantes, Johanna Rolland conserve les cl\u00e9s de l\u2019H\u00f4tel&hellip;\n","protected":false},"author":2,"featured_media":639829,"comment_status":"","ping_status":"","sticky":false,"template":"","format":"standard","meta":{"footnotes":""},"categories":[2818],"tags":[1111,11,2761,1777,674,1011,27,766,12,2636,25],"class_list":{"0":"post-639828","1":"post","2":"type-post","3":"status-publish","4":"format-standard","5":"has-post-thumbnail","7":"category-nantes","8":"tag-actu","9":"tag-actualites","10":"tag-elections-municipales-2026","11":"tag-eu","12":"tag-europe","13":"tag-fr","14":"tag-france","15":"tag-nantes","16":"tag-news","17":"tag-pays-de-la-loire","18":"tag-republique-francaise"},"share_on_mastodon":{"url":"https:\/\/pubeurope.com\/@fr\/115835464802580852","error":""},"_links":{"self":[{"href":"https:\/\/www.europesays.com\/fr\/wp-json\/wp\/v2\/posts\/639828","targetHints":{"allow":["GET"]}}],"collection":[{"href":"https:\/\/www.europesays.com\/fr\/wp-json\/wp\/v2\/posts"}],"about":[{"href":"https:\/\/www.europesays.com\/fr\/wp-json\/wp\/v2\/types\/post"}],"author":[{"embeddable":true,"href":"https:\/\/www.europesays.com\/fr\/wp-json\/wp\/v2\/users\/2"}],"replies":[{"embeddable":true,"href":"https:\/\/www.europesays.com\/fr\/wp-json\/wp\/v2\/comments?post=639828"}],"version-history":[{"count":0,"href":"https:\/\/www.europesays.com\/fr\/wp-json\/wp\/v2\/posts\/639828\/revisions"}],"wp:featuredmedia":[{"embeddable":true,"href":"https:\/\/www.europesays.com\/fr\/wp-json\/wp\/v2\/media\/639829"}],"wp:attachment":[{"href":"https:\/\/www.europesays.com\/fr\/wp-json\/wp\/v2\/media?parent=639828"}],"wp:term":[{"taxonomy":"category","embeddable":true,"href":"https:\/\/www.europesays.com\/fr\/wp-json\/wp\/v2\/categories?post=639828"},{"taxonomy":"post_tag","embeddable":true,"href":"https:\/\/www.europesays.com\/fr\/wp-json\/wp\/v2\/tags?post=639828"}],"curies":[{"name":"wp","href":"https:\/\/api.w.org\/{rel}","templated":true}]}}