{"id":639832,"date":"2026-01-04T06:44:10","date_gmt":"2026-01-04T06:44:10","guid":{"rendered":"https:\/\/www.europesays.com\/fr\/639832\/"},"modified":"2026-01-04T06:44:10","modified_gmt":"2026-01-04T06:44:10","slug":"la-meteo-a-bordeaux-du-dimanche-4-janvier-2026","status":"publish","type":"post","link":"https:\/\/www.europesays.com\/fr\/639832\/","title":{"rendered":"La m\u00e9t\u00e9o \u00e0 Bordeaux du dimanche 4 janvier 2026"},"content":{"rendered":"<p><strong>Pr\u00e9visions M\u00e9t\u00e9o \u00e0 Bordeaux demain<\/strong><\/p>\n<p>Beau temps et soleil sont attendus demain. Les temp\u00e9ratures ext\u00e9rieures se trouveront entre -3\u00b0C et 4\u00b0C. Un l\u00e9ger vent de 6 km\/h soufflera. Le matin, le mercure sera autour de -1\u00b0C. Nous pr\u00e9voyons 3\u00b0C en moyenne demain apr\u00e8s-midi, une temp\u00e9rature moyenne au-dessus des valeurs normales en cette p\u00e9riode de l&rsquo;ann\u00e9e. Des \u00e9claircies seront appr\u00e9ci\u00e9es, demain soir. La temp\u00e9rature enregistrera une moyenne de 0\u00b0C.<\/p>\n<p><strong>M\u00e9t\u00e9o \u00e0 Bordeaux pour les prochains jours<\/strong><\/p>\n","protected":false},"excerpt":{"rendered":"Pr\u00e9visions M\u00e9t\u00e9o \u00e0 Bordeaux demain Beau temps et soleil sont attendus demain. Les temp\u00e9ratures ext\u00e9rieures se trouveront entre&hellip;\n","protected":false},"author":2,"featured_media":639833,"comment_status":"","ping_status":"","sticky":false,"template":"","format":"standard","meta":{"footnotes":""},"categories":[2817],"tags":[1111,11,1997,1777,674,1011,27,12,2219,25],"class_list":{"0":"post-639832","1":"post","2":"type-post","3":"status-publish","4":"format-standard","5":"has-post-thumbnail","7":"category-bordeaux","8":"tag-actu","9":"tag-actualites","10":"tag-bordeaux","11":"tag-eu","12":"tag-europe","13":"tag-fr","14":"tag-france","15":"tag-news","16":"tag-nouvelle-aquitaine","17":"tag-republique-francaise"},"share_on_mastodon":{"url":"https:\/\/pubeurope.com\/@fr\/115835480507937260","error":""},"_links":{"self":[{"href":"https:\/\/www.europesays.com\/fr\/wp-json\/wp\/v2\/posts\/639832","targetHints":{"allow":["GET"]}}],"collection":[{"href":"https:\/\/www.europesays.com\/fr\/wp-json\/wp\/v2\/posts"}],"about":[{"href":"https:\/\/www.europesays.com\/fr\/wp-json\/wp\/v2\/types\/post"}],"author":[{"embeddable":true,"href":"https:\/\/www.europesays.com\/fr\/wp-json\/wp\/v2\/users\/2"}],"replies":[{"embeddable":true,"href":"https:\/\/www.europesays.com\/fr\/wp-json\/wp\/v2\/comments?post=639832"}],"version-history":[{"count":0,"href":"https:\/\/www.europesays.com\/fr\/wp-json\/wp\/v2\/posts\/639832\/revisions"}],"wp:featuredmedia":[{"embeddable":true,"href":"https:\/\/www.europesays.com\/fr\/wp-json\/wp\/v2\/media\/639833"}],"wp:attachment":[{"href":"https:\/\/www.europesays.com\/fr\/wp-json\/wp\/v2\/media?parent=639832"}],"wp:term":[{"taxonomy":"category","embeddable":true,"href":"https:\/\/www.europesays.com\/fr\/wp-json\/wp\/v2\/categories?post=639832"},{"taxonomy":"post_tag","embeddable":true,"href":"https:\/\/www.europesays.com\/fr\/wp-json\/wp\/v2\/tags?post=639832"}],"curies":[{"name":"wp","href":"https:\/\/api.w.org\/{rel}","templated":true}]}}