{"id":639836,"date":"2026-01-04T06:46:11","date_gmt":"2026-01-04T06:46:11","guid":{"rendered":"https:\/\/www.europesays.com\/fr\/639836\/"},"modified":"2026-01-04T06:46:11","modified_gmt":"2026-01-04T06:46:11","slug":"toulouse-hortense-limouzin-une-force-basque-pour-le-tmb","status":"publish","type":"post","link":"https:\/\/www.europesays.com\/fr\/639836\/","title":{"rendered":"Toulouse. Hortense Limouzin : une force basque pour le TMB"},"content":{"rendered":"<p>\n                                                                    l&rsquo;essentiel<br \/>\n                                                                Elle n\u2019est le joker m\u00e9dical de personne. L\u2019internationale 3&#215;3 compl\u00e8te l\u2019effectif de Xavier Noguera.\n                            <\/p>\n<p>&gt; <b>Un CV international<\/b><\/p>\n<p>En quittant Montpellier au printemps, Hortense Limouzin avouait se consacrer au basket 3&#215;3. Une discipline dans laquelle elle poss\u00e8de un solide CV : m\u00e9daille d\u2019or \u00e0 la Nations League 2021 U23 aux c\u00f4t\u00e9s de No\u00e9mie Brochant, alors Pionni\u00e8re, deux autres en 2022, \u00e0 l\u2019Euro et au Mondial, plus l\u2019argent en 2023, au Mondial et aux Jeux Europ\u00e9ens. En septembre dernier, num\u00e9ro 6 au Ranking FIBA, elle a \u00e9t\u00e9 la seule fran\u00e7aise \u00e0 participer, avec Bucarest, \u00e0 la finale mondiale des Women\u2019s Series \u00e0 Shanghai.<\/p>\n<p>Mais ce n\u2019est pas pour rejoindre l\u2019\u00e9quipe f\u00e9minine des Stormers, lanc\u00e9e cette ann\u00e9e, que la native de Paris et Basque d\u2019origine (apr\u00e8s ses d\u00e9buts \u00e0 Urcuit, elle a \u00e9t\u00e9 championne de France groupe B U18 avec Anglet) pose ses valises \u00e0 Toulouse. C\u2019est pour venir compl\u00e9ter l\u2019effectif du TMB. M\u00e9daille d\u2019argent \u00e0 l\u2019Euro U18 2015, m\u00e9daille d\u2019or un an plus tard, Hortense Limouzin, pass\u00e9e par le centre de formation de Basket Landes, poss\u00e8de quelques r\u00e9f\u00e9rences en Wonderligue o\u00f9 elle a port\u00e9, en plus de celles de Basket Landes, les couleurs de Saint-Amand-les-Eaux, Landerneau et Lattes-Montpellier, donc, la saison derni\u00e8re.<\/p>\n<p>&gt; <b>Amener de la r\u00e9gularit\u00e9<\/b> Une arriv\u00e9e dont se r\u00e9jouit Xavier Noguera, l\u2019entra\u00eeneur du TMB : \u00ab\u00a0On avait des probl\u00e9matiques sur les postes arri\u00e8res, sur la gestion des rythmes. L\u2019opportunit\u00e9 de recruter une Fran\u00e7aise suppl\u00e9mentaire, ce qui est rare sur le march\u00e9, qui conna\u00eet bien la division, \u00e9tait \u00e0 saisir. Avec toutes nos probl\u00e9matiques de blessures, on n\u2019a pas h\u00e9sit\u00e9. Hortense devrait amener de la r\u00e9gularit\u00e9, de la qualit\u00e9 de passe, de la lecture et aussi une gestion diff\u00e9rente des rythmes. Avec la volont\u00e9 pour nous de continuer \u00e0 d\u00e9velopper un jeu d\u00e9fensif toujours plus agressif\u00a0\u00bb.<\/p>\n","protected":false},"excerpt":{"rendered":"l&rsquo;essentiel Elle n\u2019est le joker m\u00e9dical de personne. L\u2019internationale 3&#215;3 compl\u00e8te l\u2019effectif de Xavier Noguera. &gt; Un CV&hellip;\n","protected":false},"author":2,"featured_media":639837,"comment_status":"","ping_status":"","sticky":false,"template":"","format":"standard","meta":{"footnotes":""},"categories":[2816],"tags":[1111,11,1791,1777,674,1011,27,2722,12,2680,25,517,2312],"class_list":{"0":"post-639836","1":"post","2":"type-post","3":"status-publish","4":"format-standard","5":"has-post-thumbnail","7":"category-toulouse","8":"tag-actu","9":"tag-actualites","10":"tag-basket-ball","11":"tag-eu","12":"tag-europe","13":"tag-fr","14":"tag-france","15":"tag-haute-garonne","16":"tag-news","17":"tag-occitanie","18":"tag-republique-francaise","19":"tag-sport","20":"tag-toulouse"},"share_on_mastodon":{"url":"https:\/\/pubeurope.com\/@fr\/115835488306258767","error":""},"_links":{"self":[{"href":"https:\/\/www.europesays.com\/fr\/wp-json\/wp\/v2\/posts\/639836","targetHints":{"allow":["GET"]}}],"collection":[{"href":"https:\/\/www.europesays.com\/fr\/wp-json\/wp\/v2\/posts"}],"about":[{"href":"https:\/\/www.europesays.com\/fr\/wp-json\/wp\/v2\/types\/post"}],"author":[{"embeddable":true,"href":"https:\/\/www.europesays.com\/fr\/wp-json\/wp\/v2\/users\/2"}],"replies":[{"embeddable":true,"href":"https:\/\/www.europesays.com\/fr\/wp-json\/wp\/v2\/comments?post=639836"}],"version-history":[{"count":0,"href":"https:\/\/www.europesays.com\/fr\/wp-json\/wp\/v2\/posts\/639836\/revisions"}],"wp:featuredmedia":[{"embeddable":true,"href":"https:\/\/www.europesays.com\/fr\/wp-json\/wp\/v2\/media\/639837"}],"wp:attachment":[{"href":"https:\/\/www.europesays.com\/fr\/wp-json\/wp\/v2\/media?parent=639836"}],"wp:term":[{"taxonomy":"category","embeddable":true,"href":"https:\/\/www.europesays.com\/fr\/wp-json\/wp\/v2\/categories?post=639836"},{"taxonomy":"post_tag","embeddable":true,"href":"https:\/\/www.europesays.com\/fr\/wp-json\/wp\/v2\/tags?post=639836"}],"curies":[{"name":"wp","href":"https:\/\/api.w.org\/{rel}","templated":true}]}}