{"id":639838,"date":"2026-01-04T06:48:49","date_gmt":"2026-01-04T06:48:49","guid":{"rendered":"https:\/\/www.europesays.com\/fr\/639838\/"},"modified":"2026-01-04T06:48:49","modified_gmt":"2026-01-04T06:48:49","slug":"rennes-simpose-a-lille-et-se-rapproche-du-podium","status":"publish","type":"post","link":"https:\/\/www.europesays.com\/fr\/639838\/","title":{"rendered":"Rennes s\u2019impose \u00e0 Lille et se rapproche du podium"},"content":{"rendered":"<p>Ce samedi, la <a href=\"https:\/\/www.footmercato.net\/france\/ligue-1\/\" target=\"_blank\" rel=\"noopener\">Ligue 1<\/a> nous a offert que des chocs entre \u00e9quipes qui postulent ou ont un effectif pour postuler aux places europ\u00e9ennes en fin de saison. Et apr\u00e8s la victoire de Lyon \u00e0 Monaco (1-3) et le nul entre Nice et Strasbourg (1-1), c\u2019\u00e9tait au tour du LOSC d\u2019accueillir <a href=\"https:\/\/www.footmercato.net\/club\/stade-rennais-fc\/\" target=\"_blank\" rel=\"noopener\">Rennes<\/a> pour le dernier match de la soir\u00e9e. Un match important pour les Dogues qui ne doivent pas l\u00e2cher la cadence impuls\u00e9e par le RC Lens, solide leader de Ligue 1. En face, Rennes \u00e9tait justement l\u2019\u00e9quipe qui a la meilleure cadence sur les 7 derniers matches de Ligue 1 avec 16 points engrang\u00e9s juste derri\u00e8re\u2026Lens, avec 18 points. Un choc incertain donc, et qui devait permettre d\u2019y voir plus clair dans la course au podium. <\/p>\n<p>            La suite apr\u00e8s cette publicit\u00e9<\/p>\n<p>Une rencontre importante pour les deux \u00e9quipes qui ont d\u00e9but\u00e9 la rencontre de mani\u00e8re assidue. Dans ce d\u00e9but de match \u00e9quilibr\u00e9, le premier tournant a eu lieu \u00e0 la 13e minute de jeu. Apr\u00e8s un mauvais contr\u00f4le, Alexsandro s\u2019est rendu coupable d\u2019une faute sur Breel Embolo. En position de dernier d\u00e9fenseur, le Br\u00e9silien a \u00e9t\u00e9 expuls\u00e9 par Eric Wattelier, au plus grand dam des supporters lillois (13e). Malgr\u00e9 ce coup du sort, les Dogues sont rest\u00e9s volontaires mais la pression autour de leurs buts s\u2019est voulue de plus en plus insistante. Pourtant, ce sont les locaux qui se sont procur\u00e9s les meilleures situations juste avant la pause avec les opportunit\u00e9s pour Meunier (32e) et Fernandez-Pardo (40e). <\/p>\n<p>        Rennes a puni le LOSC en seconde p\u00e9riode<\/p>\n<p>Peu inspir\u00e9s en premi\u00e8re p\u00e9riode, les Bretons sont revenus avec de meilleures intentions au retour des vestiaires. Bien plus conqu\u00e9rants pour r\u00e9cup\u00e9rer des ballons et plus verticaux dans leur approche offensive, les visiteurs ont commenc\u00e9 \u00e0 faire mal au LOSC. Et en inf\u00e9riorit\u00e9 num\u00e9rique, le verrou lillois n\u2019a pas tard\u00e9 \u00e0 sauter. Sur un bon centre de Brassier sur la gauche, Frankowski a surgi pour finir d\u2019une belle t\u00eate (0-1, 49e). Lanc\u00e9s, les Rennais ont continu\u00e9 \u00e0 harceler les buts lillois et ont enfonc\u00e9 le clou. <\/p>\n<p>            La suite apr\u00e8s cette publicit\u00e9<\/p>\n<p>\n    Classement g\u00e9n\u00e9ral Ligue 1 McDonald&rsquo;s<\/p>\n<p>Apr\u00e8s un joli contr\u00f4le orient\u00e9 d\u2019Embolo, Merlin a \u00e9t\u00e9 touch\u00e9 sur la droite et a conclu d\u2019une belle frappe du gauche (0-2, 57e). Malgr\u00e9 ces deux buts et leur inf\u00e9riorit\u00e9 num\u00e9rique, <a href=\"https:\/\/www.footmercato.net\/club\/losc\/\" target=\"_blank\" rel=\"noopener\">Lille<\/a> n\u2019a pas abdiqu\u00e9 et a cherch\u00e9 \u00e0 relancer la partie. Finalement, face \u00e0 des Bretons consciencieux d\u00e9fensivement, le LOSC n\u2019a pas trouv\u00e9 la faille malgr\u00e9 quelques opportunit\u00e9s. Malgr\u00e9 un bon \u00e9tat d\u2019esprit, Lille a donc fait une mauvaise op\u00e9ration et lance mal sa nouvelle ann\u00e9e avant un calendrier charg\u00e9. De son c\u00f4t\u00e9, Rennes frappe un grand coup et revient \u00e0 hauteur de Lyon, <a href=\"https:\/\/www.footmercato.net\/classement\/\" target=\"_blank\" rel=\"noopener\">cinqui\u00e8me<\/a>. Mieux encore, les Rennais reviennent \u00e0 deux points de leur adversaire du soir et provisoirement \u00e0 deux points de Marseille, qui joue demain contre Nantes (15h). <\/p>\n<p>\n    Pub. le 03\/01\/2026 23:01<br \/>\n            &#8211; MAJ le 04\/01\/2026 01:18\n    <\/p>\n","protected":false},"excerpt":{"rendered":"Ce samedi, la Ligue 1 nous a offert que des chocs entre \u00e9quipes qui postulent ou ont un&hellip;\n","protected":false},"author":2,"featured_media":639839,"comment_status":"","ping_status":"","sticky":false,"template":"","format":"standard","meta":{"footnotes":""},"categories":[2815],"tags":[1111,11,1777,674,1011,27,811,1307,12,25],"class_list":{"0":"post-639838","1":"post","2":"type-post","3":"status-publish","4":"format-standard","5":"has-post-thumbnail","7":"category-lille","8":"tag-actu","9":"tag-actualites","10":"tag-eu","11":"tag-europe","12":"tag-fr","13":"tag-france","14":"tag-hauts-de-france","15":"tag-lille","16":"tag-news","17":"tag-republique-francaise"},"share_on_mastodon":{"url":"https:\/\/pubeurope.com\/@fr\/115835500167712218","error":""},"_links":{"self":[{"href":"https:\/\/www.europesays.com\/fr\/wp-json\/wp\/v2\/posts\/639838","targetHints":{"allow":["GET"]}}],"collection":[{"href":"https:\/\/www.europesays.com\/fr\/wp-json\/wp\/v2\/posts"}],"about":[{"href":"https:\/\/www.europesays.com\/fr\/wp-json\/wp\/v2\/types\/post"}],"author":[{"embeddable":true,"href":"https:\/\/www.europesays.com\/fr\/wp-json\/wp\/v2\/users\/2"}],"replies":[{"embeddable":true,"href":"https:\/\/www.europesays.com\/fr\/wp-json\/wp\/v2\/comments?post=639838"}],"version-history":[{"count":0,"href":"https:\/\/www.europesays.com\/fr\/wp-json\/wp\/v2\/posts\/639838\/revisions"}],"wp:featuredmedia":[{"embeddable":true,"href":"https:\/\/www.europesays.com\/fr\/wp-json\/wp\/v2\/media\/639839"}],"wp:attachment":[{"href":"https:\/\/www.europesays.com\/fr\/wp-json\/wp\/v2\/media?parent=639838"}],"wp:term":[{"taxonomy":"category","embeddable":true,"href":"https:\/\/www.europesays.com\/fr\/wp-json\/wp\/v2\/categories?post=639838"},{"taxonomy":"post_tag","embeddable":true,"href":"https:\/\/www.europesays.com\/fr\/wp-json\/wp\/v2\/tags?post=639838"}],"curies":[{"name":"wp","href":"https:\/\/api.w.org\/{rel}","templated":true}]}}