{"id":639842,"date":"2026-01-04T06:51:18","date_gmt":"2026-01-04T06:51:18","guid":{"rendered":"https:\/\/www.europesays.com\/fr\/639842\/"},"modified":"2026-01-04T06:51:18","modified_gmt":"2026-01-04T06:51:18","slug":"saint-priest-vaulx-en-velin-feyzin-toujours-plus-dhabitants-a-lest-de-lyon","status":"publish","type":"post","link":"https:\/\/www.europesays.com\/fr\/639842\/","title":{"rendered":"Saint-Priest, Vaulx-en-Velin, Feyzin&#8230; Toujours plus d\u2019habitants \u00e0 l\u2019Est de Lyon"},"content":{"rendered":"<p>L\u2019Est lyonnais demeure le bassin de vie principal de la banlieue lyonnaise. V\u00e9nissieux figure toujours comme la 3e\u00a0 commune du Rh\u00f4ne avec ses 65\u00a0502 habitants. Vaulx-en-Velin comme la 4e\u00a0avec 53\u00a0069 Vaudais. Saint-Priest 5e\u00a0 avec 49\u00a0229 San-Priots. Ou encore Bron, 7e\u00a0 avec 42\u00a0982 Brondillants.<\/p>\n<p>Une hausse spectaculaire \u00e0 Vaulx-en-Velin<\/p>\n<p>Si l\u2019Est constitue le premier bassin de population de la p\u00e9riph\u00e9rie lyonnaise, il le doit encore \u00e0 son solde migratoire naturel. C\u2019est le cas \u00e0 <strong>Vaulx-en-Velin<\/strong>, o\u00f9 le nombre d\u2019habitants augmente de mani\u00e8re spectaculaire\u00a0: pr\u00e8s de 10\u00a0000 Vaudais en plus entre\u00a02012 et\u00a02023*. Et 621 de gagn\u00e9s en un an (entre\u00a02022 et\u00a02023). Cette hausse est, en partie, atteinte gr\u00e2ce aux naissances puisque les Vaudais, plut\u00f4t jeunes, font des enfants\u00a0: 1,2\u00a0% de naissances en plus que de&#8230;<\/p>\n","protected":false},"excerpt":{"rendered":"L\u2019Est lyonnais demeure le bassin de vie principal de la banlieue lyonnaise. V\u00e9nissieux figure toujours comme la 3e\u00a0&hellip;\n","protected":false},"author":2,"featured_media":639843,"comment_status":"","ping_status":"","sticky":false,"template":"","format":"standard","meta":{"footnotes":""},"categories":[1889],"tags":[1111,11,2430,9492,9223,3152,1777,674,29519,107,1011,27,1061,1908,2428,198,1391,12,25,2429,4605,3151,104,5070,5449,4375],"class_list":{"0":"post-639842","1":"post","2":"type-post","3":"status-publish","4":"format-standard","5":"has-post-thumbnail","7":"category-lyon","8":"tag-actu","9":"tag-actualites","10":"tag-auvergne-rhone-alpes","11":"tag-bron","12":"tag-carnet-du-jour","13":"tag-edition-est-lyonnais","14":"tag-eu","15":"tag-europe","16":"tag-feyzin","17":"tag-fil-info","18":"tag-fr","19":"tag-france","20":"tag-immigration","21":"tag-logement","22":"tag-lyon","23":"tag-naissance","24":"tag-necrologie","25":"tag-news","26":"tag-republique-francaise","27":"tag-rhone","28":"tag-saint-priest","29":"tag-selection-de-la-redaction-69","30":"tag-societe","31":"tag-vaulx-en-velin","32":"tag-vaulx-ville","33":"tag-venissieux"},"share_on_mastodon":{"url":"https:\/\/pubeurope.com\/@fr\/115835508070036801","error":""},"_links":{"self":[{"href":"https:\/\/www.europesays.com\/fr\/wp-json\/wp\/v2\/posts\/639842","targetHints":{"allow":["GET"]}}],"collection":[{"href":"https:\/\/www.europesays.com\/fr\/wp-json\/wp\/v2\/posts"}],"about":[{"href":"https:\/\/www.europesays.com\/fr\/wp-json\/wp\/v2\/types\/post"}],"author":[{"embeddable":true,"href":"https:\/\/www.europesays.com\/fr\/wp-json\/wp\/v2\/users\/2"}],"replies":[{"embeddable":true,"href":"https:\/\/www.europesays.com\/fr\/wp-json\/wp\/v2\/comments?post=639842"}],"version-history":[{"count":0,"href":"https:\/\/www.europesays.com\/fr\/wp-json\/wp\/v2\/posts\/639842\/revisions"}],"wp:featuredmedia":[{"embeddable":true,"href":"https:\/\/www.europesays.com\/fr\/wp-json\/wp\/v2\/media\/639843"}],"wp:attachment":[{"href":"https:\/\/www.europesays.com\/fr\/wp-json\/wp\/v2\/media?parent=639842"}],"wp:term":[{"taxonomy":"category","embeddable":true,"href":"https:\/\/www.europesays.com\/fr\/wp-json\/wp\/v2\/categories?post=639842"},{"taxonomy":"post_tag","embeddable":true,"href":"https:\/\/www.europesays.com\/fr\/wp-json\/wp\/v2\/tags?post=639842"}],"curies":[{"name":"wp","href":"https:\/\/api.w.org\/{rel}","templated":true}]}}