{"id":639855,"date":"2026-01-04T07:03:17","date_gmt":"2026-01-04T07:03:17","guid":{"rendered":"https:\/\/www.europesays.com\/fr\/639855\/"},"modified":"2026-01-04T07:03:17","modified_gmt":"2026-01-04T07:03:17","slug":"attaque-americaine-au-venezuela-une-victoire-morale-pour-la-russie-et-la-chine","status":"publish","type":"post","link":"https:\/\/www.europesays.com\/fr\/639855\/","title":{"rendered":"Attaque am\u00e9ricaine au Venezuela: une victoire morale pour&#8230; la Russie et la Chine?"},"content":{"rendered":"<p><strong>L\u2019attaque am\u00e9ricaine au Venezuela et la capture du pr\u00e9sident Nicolas Maduro pourraient avoir d\u2019importantes r\u00e9percussions qui d\u00e9passent largement les Am\u00e9riques.<\/strong><\/p>\n<p class=\"toreadalso-fromEMP\"><strong>\u2022 \u00c0 lire aussi: <\/strong><a href=\"https:\/\/www.journaldemontreal.com\/2026\/01\/03\/la-capitale-du-venezuela-ciblee-par-une-serie-de-frappes-americaines\" target=\"_self\" rel=\"noopener\"><strong>EN DIRECT | La capitale du Venezuela cibl\u00e9e par une attaque am\u00e9ricaine \u00ab\u00e0 grande \u00e9chelle\u00bb<\/strong><\/a><\/p>\n<p class=\"toreadalso-fromEMP\"><strong>\u2022 \u00c0 lire aussi: <\/strong><a href=\"https:\/\/www.journaldemontreal.com\/2026\/01\/03\/nicolas-maduro-capture-et-exfiltre-du-venezuela-annonce-trump\" target=\"_self\" rel=\"noopener\"><strong>Nicolas Maduro \u00abcaptur\u00e9 et <\/strong><strong>exfiltr\u00e9<\/strong><strong>\u00bb du Venezuela, annonce Trump<\/strong><\/a><\/p>\n<p class=\"toreadalso-fromEMP\"><strong>\u2022 \u00c0 lire aussi: <\/strong><a href=\"https:\/\/www.journaldemontreal.com\/2026\/01\/03\/frappes-americaines-au-venezuela-voici-les-principaux-dossiers-a-lorigine-des-tensions\" target=\"_self\" rel=\"noopener\"><strong>Frappes am\u00e9ricaines au Venezuela: voici les principaux dossiers \u00e0 l\u2019origine des tensions<\/strong><\/a><\/p>\n<p>Dans la nuit de vendredi \u00e0 samedi, Washington a lanc\u00e9 une vaste offensive dans le pays d\u2019Am\u00e9rique du Sud, en plus d\u2019avoir captur\u00e9 le chef d\u2019\u00c9tat v\u00e9n\u00e9zu\u00e9lien et de l\u2019avoir emmen\u00e9 aux \u00c9tats-Unis.<\/p>\n<p>\u00abIl y a une certaine onde de choc et de surprise, \u00e0 la fois par le r\u00e9sultat, mais certainement par la mani\u00e8re. En gros, ici, vous \u00eates presque dans une version hollywoodienne o\u00f9 vous avez des forces sp\u00e9ciales qui entrent dans le pays en pleine nuit pour aller capturer le pr\u00e9sident d\u2019un pays et le sortir du pays\u00bb, a expliqu\u00e9 le membre associ\u00e9 \u00e0 la Chaire Raoul-Dandurand, Guillaume Lavoie, en entrevue \u00e0 l\u2019\u00e9mission Le Qu\u00e9bec matin, \u00e0 LCN.<\/p>\n<p>Si l\u2019op\u00e9ration militaire am\u00e9ricaine a \u00e9t\u00e9 particuli\u00e8rement r\u00e9ussie, la suite des choses pourrait \u00eatre beaucoup plus compliqu\u00e9e, pr\u00e9vient l\u2019expert.<\/p>\n<p>\u00abC\u2019est le festival des points d\u2019interrogation. [Il y a] deux voies possibles ou envisageables: soit on prend Monsieur Maduro et on vous l\u2019apporte pieds et poings li\u00e9s devant un tribunal am\u00e9ricain pour qu\u2019il soit jug\u00e9, ou, sinon, on voudra utiliser Monsieur Maduro un peu pour le forcer \u00e0 autoriser ou \u00e0 avaliser ce qui vient de se passer pour favoriser un passage \u00e0 un autre r\u00e9gime et [\u00e0] un autre pouvoir pour calmer le jeu\u00bb, indique M. Lavoie.<\/p>\n<p>Par ailleurs, l\u2019avenir du Venezuela est loin d\u2019\u00eatre clair.<\/p>\n<p>\u00abEst-ce que, ce matin, c\u2019est le d\u00e9but d\u2019un temps nouveau pour le Venezuela? Rappelons que le r\u00e9gime Maduro [&#8230;] est l\u2019h\u00e9ritier du r\u00e9gime Chavez, ce r\u00e9gime mal\u00e9fique gangren\u00e9 par une corruption absolue qui n\u2019a aucun respect des droits individuels, qui opprime sa population et qui l\u2019a m\u00eame affam\u00e9e \u00e0 certains moments. Que ce r\u00e9gime-l\u00e0 tombe, ce n\u2019est pas une mauvaise nouvelle pour les gens du Venezuela. Maintenant, est-ce que ce r\u00e9gime-l\u00e0 qui tombe, \u00e7a veut dire que c\u2019est le d\u00e9but d\u2019un temps nouveau, puis qu\u2019on aura une d\u00e9mocratie florissante ou c\u2019est encore plus de chaos?\u00bb s\u2019interroge Guillaume Lavoie.<\/p>\n<p>L\u2019histoire r\u00e9cente montre que faire sauter un dictateur n\u2019offre aucune garantie \u00e0 la population.<\/p>\n<p>\u00abMonsieur Maduro est tomb\u00e9. Est-ce que \u00e7a veut dire que les forces du r\u00e9gime Maduro vont seulement le remplacer ou [qu\u2019]il sera suivi d\u2019un r\u00e9gime d\u00e9mocratique normal? Faire tomber Saddam Hussein n\u2019a pas fait de l\u2019Irak un succ\u00e8s. Faire tomber Mouammar Kadhafi n\u2019a pas fait de la Libye un succ\u00e8s. Faire tomber le r\u00e9gime de Bachar al-Assad n\u2019a pas cr\u00e9\u00e9 la paix et l\u2019all\u00e9gresse en Syrie\u00bb, mentionne le sp\u00e9cialiste en politique internationale.<\/p>\n<p>\t<a data-fancybox=\"photo\" data-type=\"image\" href=\"https:\/\/www.europesays.com\/fr\/wp-content\/uploads\/2026\/01\/QUEBEC_MATIN_WEEKEND_PGMC_frame_693233580ee2a-bd59-40a0-98d1-d24cf5330c26_ORIGINAL.jpg\"><\/p>\n<p>            <img decoding=\"async\" class=\"lazyload\" src=\"https:\/\/www.europesays.com\/fr\/wp-content\/uploads\/2026\/01\/QUEBEC_MATIN_WEEKEND_PGMC_frame_693233580ee2a-bd59-40a0-98d1-d24cf5330c26_ORIGINAL.jpg\" alt=\"\"\/><\/p>\n<p>    <\/a><\/p>\n<p class=\"photo-credit\">\n        Capture d&rsquo;\u00e9cran LCN\u00a0\n    <\/p>\n<p>  Domination des riches et puissants<\/p>\n<p>L\u2019intervention am\u00e9ricaine au Venezuela pourrait \u00e9galement acc\u00e9l\u00e9rer une dynamique o\u00f9 les nations les plus puissantes agissent sans retenue pour atteindre leurs objectifs strat\u00e9giques, \u00e9conomiques et politiques.<\/p>\n<p>\u00abSi on voulait une autre d\u00e9monstration de l\u2019effondrement du monde post-Deuxi\u00e8me Guerre mondiale, je n\u2019ai pas souvenir d\u2019un grand d\u00e9bat \u00e0 l\u2019ONU pour savoir si on [devait] intervenir au Venezuela et voici les preuves. Pas de discours \u00e0 la nation, pas de discours devant le Congr\u00e8s. En gros, on a ici un dirigeant \u00e0 la t\u00eate d\u2019une arm\u00e9e riche et puissante qui d\u00e9cide de faire ce qu\u2019[il] veut. Et les pays faibles au pourtour doivent subir ce qu\u2019ils doivent\u00bb, r\u00e9sume le membre associ\u00e9 \u00e0 la Chaire Raoul-Dandurand.<\/p>\n<p>En th\u00e9orie, la Chine et la Russie perdent un alli\u00e9 en Maduro, mais ces deux pays pourraient tirer profit du coup d\u2019\u00c9tat am\u00e9ricain au Venezuela.<\/p>\n<p>\t<a data-fancybox=\"photo\" data-type=\"image\" href=\"https:\/\/www.europesays.com\/fr\/wp-content\/uploads\/2026\/01\/d99f9040-2cd3-11f0-8519-518a958f7e36_ORIGINAL.jpg\"><\/p>\n<p>            <img decoding=\"async\" class=\"lazyload\" src=\"https:\/\/www.europesays.com\/fr\/wp-content\/uploads\/2026\/01\/d99f9040-2cd3-11f0-8519-518a958f7e36_ORIGINAL.jpg\" alt=\"\"\/><\/p>\n<p>    <\/a><\/p>\n<p class=\"photo-credit\">\n        AFP\u00a0\n    <\/p>\n<p>\u00abCe que Monsieur Trump est en train de faire comme d\u00e9monstration ici, c\u2019est que si vous \u00eates riche et puissant et qu\u2019il se passe quelque chose dans votre cour arri\u00e8re, vous avez un genre de droit d\u2019intervenir. Remplacez Trump par Poutine et le Venezuela par l\u2019Ukraine&#8230; \u00e7a va \u00eatre difficile pour les \u00c9tats-Unis d\u2019avoir une posture morale face \u00e0 Monsieur Poutine en disant: \u201cVous ne devriez pas faire \u00e7a, on n\u2019envahit pas les pays voisins\u201d\u00bb, clame M. Lavoie.<\/p>\n<p>Ce dernier ne croit d\u2019ailleurs pas que Moscou et Beijing riposteront \u00e0 Washington \u00e0 la suite de cette attaque au Venezuela.<\/p>\n<p>\u00abIls ne seront pas heureux de \u00e7a. [&#8230;] Par contre, au g\u00e9n\u00e9ral, le sacrifice du Venezuela leur permet de renforcer cette th\u00e8se que leur cour arri\u00e8re est \u00e0 eux. On n\u2019aime pas beaucoup ce qu\u2019a fait Monsieur Trump avec le Venezuela o\u00f9 on a des int\u00e9r\u00eats, mais en m\u00eame temps c\u2019est tr\u00e8s dur de ne pas dire apr\u00e8s \u00e7a: Ta\u00efwan appartient \u00e0 la Chine parce que c\u2019est dans son pourtour, comme le d\u00e9troit de Ta\u00efwan, comme la mer de Chine. Et autour de la Russie, oui, il y a l\u2019Ukraine, ensuite il y a l\u2019est de la Moldavie. Qu\u2019en sera-t-il des pays baltes? Peut-\u00eatre qu\u2019on s\u2019est achet\u00e9 plus de probl\u00e8mes \u00e0 long terme\u00bb, conclut Guillaume Lavoie.<\/p>\n<p><strong>Pour voir l\u2019entrevue compl\u00e8te, visionnez la vid\u00e9o ci-haut.<\/strong><\/p>\n","protected":false},"excerpt":{"rendered":"L\u2019attaque am\u00e9ricaine au Venezuela et la capture du pr\u00e9sident Nicolas Maduro pourraient avoir d\u2019importantes r\u00e9percussions qui d\u00e9passent largement&hellip;\n","protected":false},"author":2,"featured_media":146201,"comment_status":"","ping_status":"","sticky":false,"template":"","format":"standard","meta":{"footnotes":""},"categories":[1591],"tags":[11,1887,12,1885,1886,132],"class_list":{"0":"post-639855","1":"post","2":"type-post","3":"status-publish","4":"format-standard","5":"has-post-thumbnail","7":"category-russie","8":"tag-actualites","9":"tag-federation-de-russie","10":"tag-news","11":"tag-russia","12":"tag-russian-federation","13":"tag-russie"},"share_on_mastodon":{"url":"https:\/\/pubeurope.com\/@fr\/115835555388129890","error":""},"_links":{"self":[{"href":"https:\/\/www.europesays.com\/fr\/wp-json\/wp\/v2\/posts\/639855","targetHints":{"allow":["GET"]}}],"collection":[{"href":"https:\/\/www.europesays.com\/fr\/wp-json\/wp\/v2\/posts"}],"about":[{"href":"https:\/\/www.europesays.com\/fr\/wp-json\/wp\/v2\/types\/post"}],"author":[{"embeddable":true,"href":"https:\/\/www.europesays.com\/fr\/wp-json\/wp\/v2\/users\/2"}],"replies":[{"embeddable":true,"href":"https:\/\/www.europesays.com\/fr\/wp-json\/wp\/v2\/comments?post=639855"}],"version-history":[{"count":0,"href":"https:\/\/www.europesays.com\/fr\/wp-json\/wp\/v2\/posts\/639855\/revisions"}],"wp:featuredmedia":[{"embeddable":true,"href":"https:\/\/www.europesays.com\/fr\/wp-json\/wp\/v2\/media\/146201"}],"wp:attachment":[{"href":"https:\/\/www.europesays.com\/fr\/wp-json\/wp\/v2\/media?parent=639855"}],"wp:term":[{"taxonomy":"category","embeddable":true,"href":"https:\/\/www.europesays.com\/fr\/wp-json\/wp\/v2\/categories?post=639855"},{"taxonomy":"post_tag","embeddable":true,"href":"https:\/\/www.europesays.com\/fr\/wp-json\/wp\/v2\/tags?post=639855"}],"curies":[{"name":"wp","href":"https:\/\/api.w.org\/{rel}","templated":true}]}}