{"id":639858,"date":"2026-01-04T07:05:12","date_gmt":"2026-01-04T07:05:12","guid":{"rendered":"https:\/\/www.europesays.com\/fr\/639858\/"},"modified":"2026-01-04T07:05:12","modified_gmt":"2026-01-04T07:05:12","slug":"conflit-usa-venezuela-nicolas-maduro-arrive-et-incarcere-a-new-york-les-etats-unis-entendent-diriger-la-transition-a-caracas","status":"publish","type":"post","link":"https:\/\/www.europesays.com\/fr\/639858\/","title":{"rendered":"Conflit USA- Venezuela\u00a0: Nicolas Maduro arriv\u00e9 et incarc\u00e9r\u00e9 \u00e0 New York, les Etats-Unis entendent &lsquo;diriger&rsquo; la transition \u00e0 Caracas"},"content":{"rendered":"<p><a href=\"https:\/\/www.rtbf.be\/article\/venezuela-de-fortes-explosions-ont-ete-entendues-a-caracas-sur-fond-de-tensions-avec-les-etats-unis-11655722\" target=\"_blank\" rel=\"noopener\">Malgr\u00e9 la r\u00e9ussite de l\u2019op\u00e9ration, un pari risqu\u00e9 pour Donald Trump, l\u2019avenir imm\u00e9diat du pays de 30\u00a0millions d\u2019habitants reste incertain<\/a>.\u00a0\u00ab\u00a0Nous allons diriger le pays jusqu\u2019\u00e0 ce que nous puissions proc\u00e9der \u00e0 une transition s\u00fbre, appropri\u00e9e et judicieuse\u00a0\u00bb, a dit le pr\u00e9sident am\u00e9ricain lors d\u2019une conf\u00e9rence de presse en Floride.\u00a0Il n\u2019a cependant pas pr\u00e9cis\u00e9 comment les Etats-Unis allaient proc\u00e9der. Et dans les rues de Caracas, aucun signe d\u2019une pr\u00e9sence militaire am\u00e9ricaine n\u2019\u00e9tait visible, a constat\u00e9 l\u2019AFP.<\/p>\n<p>Donald Trump a d\u00e9clar\u00e9 qu\u2019il autoriserait les compagnies p\u00e9troli\u00e8res am\u00e9ricaines \u00e0 se rendre au Venezuela pour exploiter les r\u00e9serves de brut du pays, ajoutant que les Etats-Unis \u00e9taient pr\u00eats \u00e0 lancer \u00ab\u00a0une seconde attaque plus importante\u00a0\u00bb si besoin.<\/p>\n<p>A ses c\u00f4t\u00e9s, le chef d\u2019\u00e9tat-major am\u00e9ricain, le g\u00e9n\u00e9ral Dan Caine, a donn\u00e9 quelques d\u00e9tails sur l\u2019op\u00e9ration militaire baptis\u00e9e \u00ab\u00a0Absolute Resolve\u00a0\u00bb (D\u00e9termination absolue).\u00a0L\u2019op\u00e9ration \u00ab\u00a0discr\u00e8te, pr\u00e9cise et men\u00e9e pendant les heures d\u2019obscurit\u00e9 maximale du 2\u00a0janvier, est le point culminant de mois de pr\u00e9paration et d\u2019entra\u00eenement\u00a0\u00bb, a d\u00e9clar\u00e9 le g\u00e9n\u00e9ral Caine.\u00a0Elle a mobilis\u00e9 plus de 150 avions et le dirigeant v\u00e9n\u00e9zu\u00e9lien et son \u00e9pouse se sont rendus \u00ab\u00a0sans r\u00e9sister\u00a0\u00bb, a-t-il pr\u00e9cis\u00e9.<\/p>\n","protected":false},"excerpt":{"rendered":"Malgr\u00e9 la r\u00e9ussite de l\u2019op\u00e9ration, un pari risqu\u00e9 pour Donald Trump, l\u2019avenir imm\u00e9diat du pays de 30\u00a0millions d\u2019habitants&hellip;\n","protected":false},"author":2,"featured_media":639859,"comment_status":"","ping_status":"","sticky":false,"template":"","format":"standard","meta":{"footnotes":""},"categories":[1589],"tags":[11,73,1866,12,1864,1865,1863,308],"class_list":{"0":"post-639858","1":"post","2":"type-post","3":"status-publish","4":"format-standard","5":"has-post-thumbnail","7":"category-etats-unis","8":"tag-actualites","9":"tag-etats-unis","10":"tag-etats-unis-damerique","11":"tag-news","12":"tag-united-states","13":"tag-united-states-of-america","14":"tag-us","15":"tag-usa"},"share_on_mastodon":{"url":"https:\/\/pubeurope.com\/@fr\/115835563106932206","error":""},"_links":{"self":[{"href":"https:\/\/www.europesays.com\/fr\/wp-json\/wp\/v2\/posts\/639858","targetHints":{"allow":["GET"]}}],"collection":[{"href":"https:\/\/www.europesays.com\/fr\/wp-json\/wp\/v2\/posts"}],"about":[{"href":"https:\/\/www.europesays.com\/fr\/wp-json\/wp\/v2\/types\/post"}],"author":[{"embeddable":true,"href":"https:\/\/www.europesays.com\/fr\/wp-json\/wp\/v2\/users\/2"}],"replies":[{"embeddable":true,"href":"https:\/\/www.europesays.com\/fr\/wp-json\/wp\/v2\/comments?post=639858"}],"version-history":[{"count":0,"href":"https:\/\/www.europesays.com\/fr\/wp-json\/wp\/v2\/posts\/639858\/revisions"}],"wp:featuredmedia":[{"embeddable":true,"href":"https:\/\/www.europesays.com\/fr\/wp-json\/wp\/v2\/media\/639859"}],"wp:attachment":[{"href":"https:\/\/www.europesays.com\/fr\/wp-json\/wp\/v2\/media?parent=639858"}],"wp:term":[{"taxonomy":"category","embeddable":true,"href":"https:\/\/www.europesays.com\/fr\/wp-json\/wp\/v2\/categories?post=639858"},{"taxonomy":"post_tag","embeddable":true,"href":"https:\/\/www.europesays.com\/fr\/wp-json\/wp\/v2\/tags?post=639858"}],"curies":[{"name":"wp","href":"https:\/\/api.w.org\/{rel}","templated":true}]}}