{"id":639862,"date":"2026-01-04T07:07:52","date_gmt":"2026-01-04T07:07:52","guid":{"rendered":"https:\/\/www.europesays.com\/fr\/639862\/"},"modified":"2026-01-04T07:07:52","modified_gmt":"2026-01-04T07:07:52","slug":"la-colere-des-clients-de-la-banque-en-allemagne-victime-dun-spectaculaire-braquage","status":"publish","type":"post","link":"https:\/\/www.europesays.com\/fr\/639862\/","title":{"rendered":"la col\u00e8re des clients de la banque en Allemagne victime d&rsquo;un spectaculaire braquage"},"content":{"rendered":"<p>Une banque \u00e0 Gelsenkirchen, en Allemagne a \u00e9t\u00e9 braqu\u00e9e ce week-end \u00e0 l&rsquo;aide d&rsquo;une perceuse g\u00e9ante, causant un pr\u00e9judice de 30 millions d&rsquo;euros et provoquant l&rsquo;ire de plusieurs clients.<\/p>\n<p>Un braquage qui r\u00e9volte les Allemands. <a href=\"https:\/\/www.bfmtv.com\/international\/europe\/allemagne\/braquage-spectaculaire-d-une-banque-en-allemagne-le-prejudice-estime-a-30-millions-d-euros-par-la-police_AD-202512300403.html\" title=\"Braquage spectaculaire d&#039;une banque en Allemagne, le pr\u00e9judice estim\u00e9 \u00e0 30 millions d&#039;euros par la police\" class=\"internal_link\" target=\"_blank\" rel=\"noopener\">Une banque a \u00e9t\u00e9 victime d&rsquo;un impressionnant braquage<\/a>, \u00e0 Gelsenkirchen, dans l&rsquo;ouest du pays ce week-end, une op\u00e9ration dont le pr\u00e9judice est estim\u00e9 \u00e0 30 millions d&rsquo;euros. Ce sont pr\u00e8s de 3.000 coffres remplis d&rsquo;argent, d&rsquo;or et de bijoux qui ont \u00e9t\u00e9 vid\u00e9s. Les suspects, qui n&rsquo;ont pas encore \u00e9t\u00e9 identifi\u00e9s, ont utilis\u00e9 une perceuse g\u00e9ante.<\/p>\n<p>Selon la police, des t\u00e9moins auraient aper\u00e7u plusieurs hommes dans la nuit de samedi \u00e0 dimanche, munis de grands sacs dans la cage d&rsquo;escalier d&rsquo;un parking adjacent. Une Audi noire \u00e0 la plaque d&rsquo;immatriculation vol\u00e9e, conduite par des hommes masqu\u00e9s, a quitt\u00e9 ce m\u00eame parking lundi au petit matin, d&rsquo;apr\u00e8s les vid\u00e9os de surveillance exploit\u00e9es par la police.<\/p>\n<p>Un mode op\u00e9ratoire qui suscite la col\u00e8re de clients, certains s&rsquo;\u00e9tant d\u00e9j\u00e0 r\u00e9unis devant le lieu du braquage. \u00ab\u00a0Si je gare ma voiture n&rsquo;importe o\u00f9, elle est imm\u00e9diatement mise en fourri\u00e8re. Et ils n&rsquo;ont pas remarqu\u00e9 \u00e7a ici, je ne comprends pas\u00a0\u00bb, t\u00e9moigne l&rsquo;un d&rsquo;entre eux \u00e0 nos <a href=\"https:\/\/www.welt.de\/vermischtes\/article69538a804a45863a679f3f64\/sparkasse-tresor-coup-in-gelsenkirchen-ermittler-schaetzen-beute-auf-30-millionen-euro.html\" target=\"_blank\" class=\"external_link\" rel=\"noopener\">confr\u00e8res de Die Welt.<\/a><\/p>\n<p>\u00ab\u00a0Si nous sommes touch\u00e9s, nous perdrons tout\u00a0\u00bb<\/p>\n<p>La s\u00e9curit\u00e9 de l&rsquo;\u00e9tablissement est aussi remise en question par d&rsquo;autres. \u00ab\u00a0M\u00eame Netto, Lidl, Aldi, ils ont tous des d\u00e9tecteurs de mouvement, tous des syst\u00e8mes d&rsquo;alarme. On parle d&rsquo;une caisse d&rsquo;\u00e9pargne, l\u00e0\u00a0!\u00a0\u00bb s&rsquo;exclame un autre client. Certains s&rsquo;inqui\u00e8tent de ne jamais retrouver leur \u00e9pargne.<\/p>\n<blockquote class=\"embed embed_quote\"><p>\u00ab\u00a0J\u2019ai un grand coffre-fort contenant 100.000\u20ac en esp\u00e8ces et en or. Mais le coffre n\u2019est pas assur\u00e9\u00a0\u00bb, t\u00e9moigne une cliente de la banque <a href=\"https:\/\/www.waz.de\/lokales\/gelsenkirchen\/article410808613\/spektakulaerer-bank-einbruch-in-buer-unsere-existenz-ist-verloren-gegangen.html\" target=\"_blank\" class=\"external_link\" rel=\"noopener\">\u00e0 Waz.<\/a><\/p><\/blockquote>\n<p>Une crainte partag\u00e9e par un autre \u00e9pargnant. \u00ab\u00a0Si nous sommes touch\u00e9s, nous perdrons tout. Le coffre contenait les bijoux et l\u2019argent de notre famille.\u00a0J\u2019esp\u00e8re maintenant que notre assurance habitation couvrira les pertes\u00a0\u00bb, souhaite un client de la banque, pr\u00e9sent devant la banque. Le cambriolage a \u00e9t\u00e9 d\u00e9couvert ce lundi gr\u00e2ce \u00e0 une alerte incendie re\u00e7ue par les pompiers. L&rsquo;enqu\u00eate est toujours en cours.<\/p>\n","protected":false},"excerpt":{"rendered":"Une banque \u00e0 Gelsenkirchen, en Allemagne a \u00e9t\u00e9 braqu\u00e9e ce week-end \u00e0 l&rsquo;aide d&rsquo;une perceuse g\u00e9ante, causant un&hellip;\n","protected":false},"author":2,"featured_media":639863,"comment_status":"","ping_status":"","sticky":false,"template":"","format":"standard","meta":{"footnotes":""},"categories":[1587],"tags":[11,672,1804,1805,1803,1777,674,1801,12,1802],"class_list":{"0":"post-639862","1":"post","2":"type-post","3":"status-publish","4":"format-standard","5":"has-post-thumbnail","7":"category-allemagne","8":"tag-actualites","9":"tag-allemagne","10":"tag-bundesrepublik-deutschland","11":"tag-de","12":"tag-deutschland","13":"tag-eu","14":"tag-europe","15":"tag-germany","16":"tag-news","17":"tag-republique-federale-dallemagne"},"share_on_mastodon":{"url":"https:\/\/pubeurope.com\/@fr\/115835575315037277","error":""},"_links":{"self":[{"href":"https:\/\/www.europesays.com\/fr\/wp-json\/wp\/v2\/posts\/639862","targetHints":{"allow":["GET"]}}],"collection":[{"href":"https:\/\/www.europesays.com\/fr\/wp-json\/wp\/v2\/posts"}],"about":[{"href":"https:\/\/www.europesays.com\/fr\/wp-json\/wp\/v2\/types\/post"}],"author":[{"embeddable":true,"href":"https:\/\/www.europesays.com\/fr\/wp-json\/wp\/v2\/users\/2"}],"replies":[{"embeddable":true,"href":"https:\/\/www.europesays.com\/fr\/wp-json\/wp\/v2\/comments?post=639862"}],"version-history":[{"count":0,"href":"https:\/\/www.europesays.com\/fr\/wp-json\/wp\/v2\/posts\/639862\/revisions"}],"wp:featuredmedia":[{"embeddable":true,"href":"https:\/\/www.europesays.com\/fr\/wp-json\/wp\/v2\/media\/639863"}],"wp:attachment":[{"href":"https:\/\/www.europesays.com\/fr\/wp-json\/wp\/v2\/media?parent=639862"}],"wp:term":[{"taxonomy":"category","embeddable":true,"href":"https:\/\/www.europesays.com\/fr\/wp-json\/wp\/v2\/categories?post=639862"},{"taxonomy":"post_tag","embeddable":true,"href":"https:\/\/www.europesays.com\/fr\/wp-json\/wp\/v2\/tags?post=639862"}],"curies":[{"name":"wp","href":"https:\/\/api.w.org\/{rel}","templated":true}]}}