{"id":639864,"date":"2026-01-04T07:08:10","date_gmt":"2026-01-04T07:08:10","guid":{"rendered":"https:\/\/www.europesays.com\/fr\/639864\/"},"modified":"2026-01-04T07:08:10","modified_gmt":"2026-01-04T07:08:10","slug":"cette-ile-au-printemps-eternel-est-un-paradis-fleuri","status":"publish","type":"post","link":"https:\/\/www.europesays.com\/fr\/639864\/","title":{"rendered":"cette \u00eele au \u00ab\u00a0printemps \u00e9ternel\u00a0\u00bb est un paradis fleuri"},"content":{"rendered":"<p class=\"app_entry_lead\">\n<p>                                    Situ\u00e9 \u00e0 moins de 4\u00a0heures de vol de la France, ce refuge insulaire vit toute l&rsquo;ann\u00e9e dans la douceur printani\u00e8re.\n                            <\/p>\n<p>                Je m&rsquo;abonne \u00e0 la newsletter Bons Plans<\/p>\n<p>Vous en avez marre du froid et des journ\u00e9es pluvieuses et grises ? Inutile de partir au bout du monde pour retrouver des couleurs. \u00c0 la porte de l&rsquo;Europe, une destination m\u00e9connue d\u00e9fie les saisons avec un thermom\u00e8tre qui ne descend jamais sous les 20\u00b0C.<\/p>\n<p>Imaginez un jardin flottant o\u00f9 les fleurs s&rsquo;\u00e9panouissent m\u00eame en plein c\u0153ur de l&rsquo;hiver. Entre falaises vertigineuses et sentiers de randonn\u00e9e sauvages, ce joyau de l&rsquo;Atlantique vous offre une parenth\u00e8se enchant\u00e9e \u00e0 l&rsquo;abri du froid.<\/p>\n<p>Rangez les manteaux et oubliez les d\u00e9cors gris, l\u00e0-bas la nature semble avoir \u00e9t\u00e9 \u00e9pargn\u00e9e par les saisons : azal\u00e9es, orchid\u00e9es et c\u00e9l\u00e8bres oiseaux du paradis peuplent m\u00eame l&rsquo;hiver ce paysage volcanique d&rsquo;exception.\u00a0Ce paradis n&rsquo;est autre que Mad\u00e8re, la perle portugaise de l&rsquo;Atlantique.\u00a0Gr\u00e2ce \u00e0 son climat subtropical humide particuli\u00e8rement stable, l&rsquo;archipel affiche une temp\u00e9rature moyenne annuelle de 19,5\u00b0C et selon <a href=\"https:\/\/actus.meteocity.com\/actualites-tourisme\/ou-partir-au-soleil-toute-lannee-ces-destinations-ou-il-fait-20-degres-en\" target=\"_blank\" rel=\"noopener\">Meteocity<\/a>, \u00ab\u00a0la diff\u00e9rence entre les saisons y est si l\u00e9g\u00e8re que vous pourriez oublier ce qu&rsquo;est une doudoune\u00a0\u00bb.<\/p>\n<p>Des for\u00eats primaires de lauriers class\u00e9es \u00e0 l&rsquo;Unesco aux sommets volcaniques d\u00e9chiquet\u00e9s, Mad\u00e8re est \u00e0 visiter au moins une fois dans sa vie.\u00a0Sa capitale, Funchal, allie avec brio charme historique et modernit\u00e9. Apr\u00e8s une balade dans les ruelles pav\u00e9es ou une halte au vibrant Mercado dos Lavradores, les gourmets pourront s&rsquo;attaquer aux sp\u00e9cialit\u00e9s locales comme l&rsquo;espada com banana (poisson-sabre \u00e0 la banane) ou le fameux bolo do caco, un pain \u00e0 l&rsquo;ail traditionnel, le tout accompagn\u00e9 d&rsquo;un verre du l\u00e9gendaire vin de Mad\u00e8re.<\/p>\n<p><img decoding=\"async\" alt=\"\" src=\"https:\/\/www.europesays.com\/fr\/wp-content\/uploads\/2026\/01\/83983830.jpg\"\/><br \/>\nMaison traditionnelle rurale au coucher du soleil dans le village de Santana sur l&rsquo;\u00eele de Mad\u00e8re au Portugal. \u00a9\u00a0Travel Faery &#8211; stock.adobe.com<\/p>\n<p>Au-del\u00e0 de sa nature fascinante, Mad\u00e8re brille par ses traditions s\u00e9culaires, \u00e0 l&rsquo;image de ses broderies mondialement reconnues pour leur finesse extr\u00eame.\u00a0Quant au village de Santana, c\u00e9l\u00e8bre pour ses c\u00e9l\u00e8bres maisons triangulaires aux toits de chaume color\u00e9s, il est un v\u00e9ritable embl\u00e8me de l&rsquo;histoire rurale mad\u00e9rienne.<\/p>\n<p>Que vous soyez en qu\u00eate de randonn\u00e9es sportives le long des levadas (canaux d&rsquo;irrigation historiques) ou simplement de tranquillit\u00e9, l&rsquo;hospitalit\u00e9 exemplaire des Mad\u00e9riens vous garantira un s\u00e9jour plac\u00e9 sous le signe de la s\u00e9curit\u00e9 et du d\u00e9paysement. C&rsquo;est la destination ultime pour ceux qui recherchent le soleil sans l&rsquo;\u00e9touffante chaleur des zones tropicales, le tout \u00e0 moins de 4\u00a0heures de vol de Paris.<\/p>\n","protected":false},"excerpt":{"rendered":"Situ\u00e9 \u00e0 moins de 4\u00a0heures de vol de la France, ce refuge insulaire vit toute l&rsquo;ann\u00e9e dans la&hellip;\n","protected":false},"author":2,"featured_media":639865,"comment_status":"","ping_status":"","sticky":false,"template":"","format":"standard","meta":{"footnotes":""},"categories":[1586],"tags":[11,74644,51761,1777,674,51763,1011,27,51979,12,51767,25],"class_list":{"0":"post-639864","1":"post","2":"type-post","3":"status-publish","4":"format-standard","5":"has-post-thumbnail","7":"category-europe","8":"tag-actualites","9":"tag-cms-linternaute-9472602","10":"tag-controller-content","11":"tag-eu","12":"tag-europe","13":"tag-format-papier","14":"tag-fr","15":"tag-france","16":"tag-les-histoires-de-linternaute","17":"tag-news","18":"tag-parallaxeinfeed","19":"tag-republique-francaise"},"share_on_mastodon":{"url":"https:\/\/pubeurope.com\/@fr\/115835575467994417","error":""},"_links":{"self":[{"href":"https:\/\/www.europesays.com\/fr\/wp-json\/wp\/v2\/posts\/639864","targetHints":{"allow":["GET"]}}],"collection":[{"href":"https:\/\/www.europesays.com\/fr\/wp-json\/wp\/v2\/posts"}],"about":[{"href":"https:\/\/www.europesays.com\/fr\/wp-json\/wp\/v2\/types\/post"}],"author":[{"embeddable":true,"href":"https:\/\/www.europesays.com\/fr\/wp-json\/wp\/v2\/users\/2"}],"replies":[{"embeddable":true,"href":"https:\/\/www.europesays.com\/fr\/wp-json\/wp\/v2\/comments?post=639864"}],"version-history":[{"count":0,"href":"https:\/\/www.europesays.com\/fr\/wp-json\/wp\/v2\/posts\/639864\/revisions"}],"wp:featuredmedia":[{"embeddable":true,"href":"https:\/\/www.europesays.com\/fr\/wp-json\/wp\/v2\/media\/639865"}],"wp:attachment":[{"href":"https:\/\/www.europesays.com\/fr\/wp-json\/wp\/v2\/media?parent=639864"}],"wp:term":[{"taxonomy":"category","embeddable":true,"href":"https:\/\/www.europesays.com\/fr\/wp-json\/wp\/v2\/categories?post=639864"},{"taxonomy":"post_tag","embeddable":true,"href":"https:\/\/www.europesays.com\/fr\/wp-json\/wp\/v2\/tags?post=639864"}],"curies":[{"name":"wp","href":"https:\/\/api.w.org\/{rel}","templated":true}]}}