{"id":639874,"date":"2026-01-04T07:15:10","date_gmt":"2026-01-04T07:15:10","guid":{"rendered":"https:\/\/www.europesays.com\/fr\/639874\/"},"modified":"2026-01-04T07:15:10","modified_gmt":"2026-01-04T07:15:10","slug":"antoine-dupont-la-stupefaction-apres-la-rupture","status":"publish","type":"post","link":"https:\/\/www.europesays.com\/fr\/639874\/","title":{"rendered":"Antoine Dupont, la stup\u00e9faction apr\u00e8s la rupture"},"content":{"rendered":"<p><strong>Neuf mois apr\u00e8s une rupture des<br \/>\nligaments crois\u00e9s, Antoine Dupont a retrouv\u00e9 la comp\u00e9tition sans le<br \/>\nmoindre temps d\u2019adaptation.<\/strong><\/p>\n<p>Antoine Dupont est de retour. Absent pr\u00e8s de neuf mois apr\u00e8s une<br \/>\nrupture des ligaments crois\u00e9s, le demi de m\u00eal\u00e9e du Stade Toulousain<br \/>\net du XV de France a retrouv\u00e9 la comp\u00e9tition fin novembre dernier.<br \/>\nEt pas question de temps d\u2019adaptation,\u00a0 il semble d\u00e9j\u00e0 \u00e0 son<br \/>\nmeilleur niveau sur le terrain.<\/p>\n<p>Titularis\u00e9 pour la r\u00e9ception de La Rochelle le week-end dernier,<br \/>\nAntoine Dupont a frapp\u00e9 un grand coup en inscrivant un doubl\u00e9,<br \/>\nconfirmant son retour au plus haut niveau. Pr\u00e9serv\u00e9 pour le<br \/>\nd\u00e9placement \u00e0 Perpignan, il affiche n\u00e9anmoins une forme solide \u00e0<br \/>\nl\u2019approche du Tournoi des Six Nations.<\/p>\n<blockquote class=\"twitter-tweet\"><p><a class=\"twitter-link\" rel=\"noindex, nofollow noopener\" href=\"https:\/\/twitter.com\/GGsportRMC\/status\/2007367178723467498\" target=\"_blank\"><\/p><\/blockquote>\n<p>C\u00e9dric Heymans sur Dupont<\/p>\n<p>Son retour a suscit\u00e9 l\u2019admiration de C\u00e9dric Heymans. \u00ab Il<br \/>\nest en train d\u2019\u00e9crire l\u2019histoire de son sport et de r\u00e9inventer son<br \/>\nposte. On attendait son retour de blessure et j\u2019ai eu la chance de<br \/>\ncommenter son dernier match, il a fait quelque chose d\u2019incroyable.<br \/>\nIl nous a r\u00e9gal\u00e9 \u00bb, a expliqu\u00e9 l\u2019ancien ailier du Stade<br \/>\nToulousain et du XV de France, sur RMC.<\/p>\n<p>\u00ab Je ne m\u2019attendais pas \u00e0 le revoir \u00e0 ce niveau si vite<br \/>\napr\u00e8s sa blessure. Normalement, on met environ quatre mois pour<br \/>\nretrouver ses sensations, mais l\u00e0 il nous a fait une masterclass et<br \/>\na r\u00e9gal\u00e9 tout le monde \u00bb, a ajout\u00e9 Heymans, qui semble d\u00e9j\u00e0<br \/>\nimpatient de voir Dupont guider le XV de France.<\/p>\n<p><script async src=\"https:\/\/platform.twitter.com\/widgets.js\" charset=\"utf-8\"><\/script><\/p>\n","protected":false},"excerpt":{"rendered":"Neuf mois apr\u00e8s une rupture des ligaments crois\u00e9s, Antoine Dupont a retrouv\u00e9 la comp\u00e9tition sans le moindre temps&hellip;\n","protected":false},"author":2,"featured_media":639875,"comment_status":"","ping_status":"","sticky":false,"template":"","format":"standard","meta":{"footnotes":""},"categories":[1416],"tags":[1011,27,479,1468,60],"class_list":{"0":"post-639874","1":"post","2":"type-post","3":"status-publish","4":"format-standard","5":"has-post-thumbnail","7":"category-rugby","8":"tag-fr","9":"tag-france","10":"tag-rugby","11":"tag-rugby-football","12":"tag-sports"},"share_on_mastodon":{"url":"https:\/\/pubeurope.com\/@fr\/115835602433479050","error":""},"_links":{"self":[{"href":"https:\/\/www.europesays.com\/fr\/wp-json\/wp\/v2\/posts\/639874","targetHints":{"allow":["GET"]}}],"collection":[{"href":"https:\/\/www.europesays.com\/fr\/wp-json\/wp\/v2\/posts"}],"about":[{"href":"https:\/\/www.europesays.com\/fr\/wp-json\/wp\/v2\/types\/post"}],"author":[{"embeddable":true,"href":"https:\/\/www.europesays.com\/fr\/wp-json\/wp\/v2\/users\/2"}],"replies":[{"embeddable":true,"href":"https:\/\/www.europesays.com\/fr\/wp-json\/wp\/v2\/comments?post=639874"}],"version-history":[{"count":0,"href":"https:\/\/www.europesays.com\/fr\/wp-json\/wp\/v2\/posts\/639874\/revisions"}],"wp:featuredmedia":[{"embeddable":true,"href":"https:\/\/www.europesays.com\/fr\/wp-json\/wp\/v2\/media\/639875"}],"wp:attachment":[{"href":"https:\/\/www.europesays.com\/fr\/wp-json\/wp\/v2\/media?parent=639874"}],"wp:term":[{"taxonomy":"category","embeddable":true,"href":"https:\/\/www.europesays.com\/fr\/wp-json\/wp\/v2\/categories?post=639874"},{"taxonomy":"post_tag","embeddable":true,"href":"https:\/\/www.europesays.com\/fr\/wp-json\/wp\/v2\/tags?post=639874"}],"curies":[{"name":"wp","href":"https:\/\/api.w.org\/{rel}","templated":true}]}}