{"id":639884,"date":"2026-01-04T07:23:32","date_gmt":"2026-01-04T07:23:32","guid":{"rendered":"https:\/\/www.europesays.com\/fr\/639884\/"},"modified":"2026-01-04T07:23:32","modified_gmt":"2026-01-04T07:23:32","slug":"metz-la-maison-heler-parmi-les-plus-beaux-designs-hoteliers-de-2025","status":"publish","type":"post","link":"https:\/\/www.europesays.com\/fr\/639884\/","title":{"rendered":"Metz. La Maison Heler\u00a0parmi les plus beaux designs h\u00f4teliers de 2025"},"content":{"rendered":"<p>\u00ab\u00a0Sans doute l\u2019h\u00f4tel dont on a le plus parl\u00e9 cette ann\u00e9e, la surr\u00e9aliste Maison Heler de Starck est un immeuble de neuf \u00e9tages surmont\u00e9 de ce qui ressemble \u00e0 un manoir du XIX\u1d49 si\u00e8cle recouvert de m\u00e9tal. Le concept, enti\u00e8rement imagin\u00e9 par Starck, visait \u00e0 raconter l\u2019histoire fictive de Manfred Heler, dont le manoir aurait \u00e9t\u00e9 propuls\u00e9 \u00e0 neuf \u00e9tages dans les airs.\u00a0\u00bb C\u2019est ainsi que le magazine britannique en ligne Dezeen pr\u00e9sente la Maison Heler, dans son <a href=\"https:\/\/www.dezeen.com\/2025\/12\/24\/top-10-hotels-2025\/\" target=\"_blank\" rel=\"noopener\">top 10 des meilleurs designs h\u00f4teliers de l\u2019ann\u00e9e<\/a>, publi\u00e9 le 24\u00a0d\u00e9cembre 2025.<\/p>\n<p>Ce m\u00e9dia, consacr\u00e9 principalement \u00e0 l\u2019architecture, au design et \u00e0 l\u2019urbanisme, est une r\u00e9f\u00e9rence internationale \u00e0 la solide r\u00e9putation. En 2013, le quotidien britannique The Times (qui a \u00e9galement <a href=\"https:\/\/www.lasemaine.fr\/politique\/indiscrets\/metz-la-maison-heler-dans-the-times\/\" data-type=\"post\" data-id=\"397718\" target=\"_blank\" rel=\"noopener\">parl\u00e9 dans ses colonnes de Maison Heler<\/a>) l\u2019a inclus dans sa liste des \u00ab\u00a050 sites Internet dont vous ne pourrez vous passer\u00a0\u00bb.<\/p>\n<p>Une s\u00e9lection prestigieuse<\/p>\n<p>Le b\u00e2timent messin c\u00f4toie ici le spectaculaire Kymaia Hotel, \u00e0 Oaxaca, au Mexique, con\u00e7u pour \u00e9voquer les pyramides pr\u00e9hispaniques, \u00e0 partir de blocs de b\u00e9ton pigment\u00e9 dans une teinte sable chaud et de bois naturel aux tons doux.<\/p>\n<p><img data-lazyloaded=\"1\" decoding=\"async\" src=\"https:\/\/www.europesays.com\/fr\/wp-content\/uploads\/2026\/01\/productora-kymaia-resort-puerto-escondido_dezeen_2364_sq-852x852-1.jpg\" alt=\"Kymaia Hotel, Mexico, by Productora\"\/>Kymaia<\/p>\n<p>On retrouve \u00e9galement le Shebara Resort, en Arabie saoudite, un h\u00f4tel compos\u00e9 de modules argent\u00e9s \u00e0 l\u2019allure futuriste flottant sur la mer Rouge, imagin\u00e9 par Killa Design. Ces sph\u00e8res miroitantes \u00e9voquent un collier de perles. \u00c0 l\u2019int\u00e9rieur, le studio Paolo Ferrari a con\u00e7u des chambres sur mesure, adapt\u00e9es \u00e0 la complexit\u00e9 des volumes courbes.<\/p>\n<p><img data-lazyloaded=\"1\" decoding=\"async\" src=\"https:\/\/www.europesays.com\/fr\/wp-content\/uploads\/2026\/01\/shebara-resort-killa-design_dezeen_2364_col_sq2-852x852-1.jpg\" alt=\"Shebara Resort, Saudi Arabia, by Killa Design\"\/>Ema Peter Photography<\/p>\n<p>La s\u00e9lection 2025 comprend enfin d\u2019autres projets remarquables, tels que l\u2019h\u00f4tel art d\u00e9co Waldorf Astoria \u00e0 New York, dans Midtown Manhattan. Celui-ci a fait l\u2019objet d\u2019une transformation compl\u00e8te visant \u00e0 restaurer fid\u00e8lement les plans et d\u00e9tails d\u2019origine, avec le nettoyage et la r\u00e9paration du soubassement en pierre calcaire et de la brique gris Waldorf afin de leur redonner l\u2019aspect du neuf.<\/p>\n<p><img data-lazyloaded=\"1\" decoding=\"async\" src=\"https:\/\/www.europesays.com\/fr\/wp-content\/uploads\/2026\/01\/waldorf-astoria_som_dezeen_hero1-2048x1152-1-1024x576.jpg\" alt=\"Waldorf Astoria\"\/>Dave Burk3e h\u00f4tel d\u2019Europe<\/p>\n<p>Pour Maison Heler, c\u2019est une nouvelle distinction qui assoit un peu plus l\u2019\u00e9tablissement messin au niveau international. En novembre dernier, \u00e0 l\u2019occasion de la c\u00e9r\u00e9monie des Ahead Awards qui s\u2019est d\u00e9roul\u00e9e \u00e0 Londres, Maison Heler a \u00e9t\u00e9 <a href=\"https:\/\/www.lasemaine.fr\/commerce\/hotellerie\/metz-maison-heler-est-nomme-3e-meilleur-hotel-au-monde-aux-ahead-awards\/\" data-type=\"post\" data-id=\"408209\" target=\"_blank\" rel=\"noopener\">nomm\u00e9 au\u00a03e\u00a0rang des meilleurs h\u00f4tels<\/a> en Europe (la premi\u00e8re place a \u00e9t\u00e9 attribu\u00e9e \u00e0 l\u2019Orient Express La Minerva \u00e0 Rome).\u00a0<\/p>\n","protected":false},"excerpt":{"rendered":"\u00ab\u00a0Sans doute l\u2019h\u00f4tel dont on a le plus parl\u00e9 cette ann\u00e9e, la surr\u00e9aliste Maison Heler de Starck est&hellip;\n","protected":false},"author":2,"featured_media":639885,"comment_status":"","ping_status":"","sticky":false,"template":"","format":"standard","meta":{"footnotes":""},"categories":[1358],"tags":[1348,1384,1385,1386,58,59,1011,27],"class_list":{"0":"post-639884","1":"post","2":"type-post","3":"status-publish","4":"format-standard","5":"has-post-thumbnail","7":"category-arts-et-design","8":"tag-arts","9":"tag-arts-and-design","10":"tag-arts-et-design","11":"tag-design","12":"tag-divertissement","13":"tag-entertainment","14":"tag-fr","15":"tag-france"},"share_on_mastodon":{"url":"https:\/\/pubeurope.com\/@fr\/115835634007003547","error":""},"_links":{"self":[{"href":"https:\/\/www.europesays.com\/fr\/wp-json\/wp\/v2\/posts\/639884","targetHints":{"allow":["GET"]}}],"collection":[{"href":"https:\/\/www.europesays.com\/fr\/wp-json\/wp\/v2\/posts"}],"about":[{"href":"https:\/\/www.europesays.com\/fr\/wp-json\/wp\/v2\/types\/post"}],"author":[{"embeddable":true,"href":"https:\/\/www.europesays.com\/fr\/wp-json\/wp\/v2\/users\/2"}],"replies":[{"embeddable":true,"href":"https:\/\/www.europesays.com\/fr\/wp-json\/wp\/v2\/comments?post=639884"}],"version-history":[{"count":0,"href":"https:\/\/www.europesays.com\/fr\/wp-json\/wp\/v2\/posts\/639884\/revisions"}],"wp:featuredmedia":[{"embeddable":true,"href":"https:\/\/www.europesays.com\/fr\/wp-json\/wp\/v2\/media\/639885"}],"wp:attachment":[{"href":"https:\/\/www.europesays.com\/fr\/wp-json\/wp\/v2\/media?parent=639884"}],"wp:term":[{"taxonomy":"category","embeddable":true,"href":"https:\/\/www.europesays.com\/fr\/wp-json\/wp\/v2\/categories?post=639884"},{"taxonomy":"post_tag","embeddable":true,"href":"https:\/\/www.europesays.com\/fr\/wp-json\/wp\/v2\/tags?post=639884"}],"curies":[{"name":"wp","href":"https:\/\/api.w.org\/{rel}","templated":true}]}}