{"id":639886,"date":"2026-01-04T07:25:10","date_gmt":"2026-01-04T07:25:10","guid":{"rendered":"https:\/\/www.europesays.com\/fr\/639886\/"},"modified":"2026-01-04T07:25:10","modified_gmt":"2026-01-04T07:25:10","slug":"cette-serie-france-2-sinspire-dune-histoire-vraie-glacante-de-ces-20-dernieres-annees","status":"publish","type":"post","link":"https:\/\/www.europesays.com\/fr\/639886\/","title":{"rendered":"Cette s\u00e9rie France 2 s\u2019inspire d\u2019une histoire vraie gla\u00e7ante de ces 20 derni\u00e8res ann\u00e9es"},"content":{"rendered":"<p itemprop=\"description\">Voici une mini-s\u00e9rie diffus\u00e9e sur France<br \/>\nT\u00e9l\u00e9visions et qui n\u2019est pas sans \u00e9voquer une terrifiante histoire<br \/>\nvraie des ann\u00e9es 2000.<\/p>\n<p>Une <strong>histoire vraie<\/strong> peut \u00eatre une source<br \/>\npr\u00e9cieuse pour le <strong>d\u00e9veloppement d\u2019une s\u00e9rie ou d\u00a0\u00bbun<br \/>\nfilm<\/strong>. Qu\u2019il s\u2019agisse de <strong>faits historiques<\/strong><br \/>\nou encore de grands \u00e9v\u00e8nements qui ont d\u00e9fray\u00e9 l\u2019<strong>actualit\u00e9<br \/>\nr\u00e9cente<\/strong>, le public est toujours friand de se replonger<br \/>\ndans certaines histoires. Cependant, il ne s\u2019agit pas toujours de<br \/>\nchoses tr\u00e8s gaies. C\u2019est m\u00eame r\u00e9guli\u00e8rement l\u2019inverse.\u00a0<\/p>\n<p>Apr\u00e8s une <strong>p\u00e9riode de silence et de distance<\/strong><br \/>\nsouvent n\u00e9cessaire (aussi li\u00e9e \u00e0 certains imp\u00e9ratifs juridiques,<br \/>\nmais aussi psychologiques), le cin\u00e9ma ou la t\u00e9l\u00e9vision s\u2019emparent<br \/>\nrapidement de faits qui ont <strong>marqu\u00e9 le collectif<\/strong>.<br \/>\nCrimes et <strong>affaires polici\u00e8res non r\u00e9solues<\/strong>, de<br \/>\nm\u00eame que les cas de <a href=\"https:\/\/www.bibamagazine.fr\/culture\/excellent-une-claque-magistrale-ce-thriller-terrifiant-vous-plonge-dans-lesprit-dun-tueur-en-serie-493553.html\" target=\"_blank\" rel=\"noopener\"><br \/>\ntueurs en s\u00e9rie<\/a>, sont des sujets <strong>particuli\u00e8rement<br \/>\nefficaces<\/strong>. Il y a comme une <strong>fascination pour<br \/>\nl\u2019obscur<\/strong> d\u2019une histoire vraie, aussi horrible<br \/>\nsoit-elle.\u00a0<\/p>\n<p><strong>Une histoire vraie comme<br \/>\ninspiration\u00a0<\/strong><\/p>\n<p>Comme <strong>une forme d\u2019exorcisme<\/strong>, une production<br \/>\npeut aider \u00e0 remettre en avant une <strong>affaire parfois un peu<br \/>\noubli\u00e9e<\/strong>, m\u00eame si sa r\u00e9alit\u00e9 est toujours pr\u00e9sente pour les<br \/>\npersonnes concern\u00e9es. S\u2019attaquer \u00e0 une histoire vraie permet aussi<br \/>\nd\u2019<strong>apporter certaines r\u00e9ponses<\/strong> ou de<br \/>\n<strong>clarifier des \u00e9l\u00e9ments<\/strong> qui, dans l\u2019emballement<br \/>\nm\u00e9diatique, ont pu passer inaper\u00e7us. Les s\u00e9ries de <strong>type<br \/>\ndocu-fiction<\/strong> sont d\u2019ailleurs un format <strong>tr\u00e8s<br \/>\npopulaire<\/strong> sur les plateformes de streaming.\u00a0<\/p>\n<p>Il est \u00e9galement possible d\u2019utiliser l\u2019<strong>histoire vraie<br \/>\ncomme un socle<\/strong>, sans chercher \u00e0 la raconter avec<br \/>\npr\u00e9cision. Ce qu\u2019il en ressort est la v\u00e9ritable inspiration : les<br \/>\n<strong>sensations<\/strong> que cela a laiss\u00e9, les<br \/>\n<strong>interrogations<\/strong> sur nos perceptions, sur le<br \/>\nfonctionnement des institutions et des <strong>constructions<br \/>\nsociales<\/strong>, etc. Ainsi, \u00e0 travers une histoire fictionnelle,<br \/>\non peut <strong>questionner des faits r\u00e9els<\/strong>. C\u2019est le cas<br \/>\navec <strong>La Disparue de Compostelle,<\/strong> une<br \/>\n<strong>mini-s\u00e9rie<\/strong> diffus\u00e9e sur France 2 en fin d\u2019ann\u00e9e<br \/>\n2025 et dont plusieurs \u00e9l\u00e9ments \u00e9voquent la terrible affaire de la<br \/>\n<strong>disparition d\u2019Estelle Mougins en 2003<\/strong>.<\/p>\n<p><strong>La garrigue comme d\u00e9cor\u00a0<\/strong><\/p>\n<p>La disparue de Compostelle est compos\u00e9e de <strong>4<br \/>\n\u00e9pisodes de 52 minutes<\/strong>. On peut les retrouver en streaming<br \/>\nsur la plateforme de France T\u00e9l\u00e9visions. Ce n\u2019est pas une histoire<br \/>\nvraie. On y d\u00e9couvre une intrigue centr\u00e9e autour d\u2019une<br \/>\n<strong>disparition d\u2019enfant<\/strong>. <strong>Jeanne<br \/>\nNogar\u00e8de<\/strong>, gendarme dans le petit village de<br \/>\n<strong>Saint-Guilhem-le-D\u00e9sert<\/strong> <a href=\"https:\/\/www.bibamagazine.fr\/lifestyle\/psycho\/ce-village-meconnu-de-lherault-cache-entre-montage-et-riviere-va-vous-seduire-469854.html\" target=\"_blank\" rel=\"noopener\"><br \/>\ndans l&rsquo;H\u00e9rault<\/a>, se retrouve dans une enqu\u00eate qui ne la laisse<br \/>\npas indiff\u00e9rente. En effet, celle-ci d\u00e9cide, 5 ans apr\u00e8s, de<br \/>\n<strong>rouvrir le dossier<\/strong>. Il s&rsquo;agit de celui<br \/>\nd\u2019<strong>Emma Vivian<\/strong>, la petite fille d\u2019une amie de<br \/>\nl\u2019h\u00e9ro\u00efne, <strong>disparue en allant \u00e0 l\u2019\u00e9cole<\/strong>.\u00a0<\/p>\n<p><strong>Histoire vraie, thriller et<br \/>\nintelligence artificielle\u00a0<\/strong><\/p>\n<p>L\u2019\u00e9l\u00e9ment d\u00e9clencheur de la r\u00e9ouverture de l\u2019enqu\u00eate est, dans<br \/>\nla s\u00e9rie, la publication d\u2019une <strong>vid\u00e9o g\u00e9n\u00e9r\u00e9e par<br \/>\nIntelligence Artificielle<\/strong>. Celle-ci ne fait pas que<br \/>\nrouvrir une plaie qui <strong>hante Jeanne Nogar\u00e8de et le<br \/>\nvillage<\/strong>. Elle fournit aussi un \u00e9l\u00e9ment que seule une<br \/>\npersonne impliqu\u00e9e dans l\u2019affaire pourrait conna\u00eetre. L\u2019histoire<br \/>\nvraie, celle de l\u2019<strong>affaire Estelle Mouzins<\/strong> a, elle<br \/>\naussi, \u00e9t\u00e9 marqu\u00e9e par l\u2019<a href=\"https:\/\/www.bibamagazine.fr\/lifestyle\/travail\/carrieres-en-intelligence-artificielle-perspectives-davenir-et-competences-requises-363865.html\" target=\"_blank\" rel=\"noopener\">usage<br \/>\nde l\u2019IA<\/a>. Cependant, les cons\u00e9quences sont beaucoup plus<br \/>\ndiscutables.\u00a0\u00a0<\/p>\n<p>Comme le partage un article de PureMedias\/Ozap,<br \/>\nl\u2019avocat de la famille d\u2019Estelle Mouzins a qualifi\u00e9 la parution de<br \/>\nces vid\u00e9os \u201cd\u2019odieuses et inqui\u00e9tantes\u201d. Contrairement \u00e0<br \/>\nla s\u00e9rie, il ne s\u2019agit aucunement d\u2019\u00e9l\u00e9ments \u201cutiles\u201d. Ce sont<br \/>\nsimplement des contenus destin\u00e9s \u00e0 g\u00e9n\u00e9rer <strong>des vues et des<br \/>\nclics.<\/strong> Ils surfent sur notre <strong>attrait pour le<br \/>\nmorbide<\/strong>, quitte \u00e0 en oublier les v\u00e9ritables humains<br \/>\nderri\u00e8re\u2026 La s\u00e9rie, quant \u00e0 elle, a \u00e9t\u00e9 <strong>salu\u00e9e pour sa<br \/>\nqualit\u00e9<\/strong> malgr\u00e9 quelques ficelles classiques du thriller.<br \/>\nN\u00e9anmoins<strong>, les personnages et l\u2019intrigue<\/strong> sont<br \/>\nsuffisamment <strong>bien men\u00e9s<\/strong> pour <strong>tenir en<br \/>\nhaleine<\/strong>. \u00c0 vous de vous faire votre propre<br \/>\navis\u2026\u00a0\u00a0<\/p>\n","protected":false},"excerpt":{"rendered":"Voici une mini-s\u00e9rie diffus\u00e9e sur France T\u00e9l\u00e9visions et qui n\u2019est pas sans \u00e9voquer une terrifiante histoire vraie des&hellip;\n","protected":false},"author":2,"featured_media":639887,"comment_status":"","ping_status":"","sticky":false,"template":"","format":"standard","meta":{"footnotes":""},"categories":[1356],"tags":[58,59,1011,27,252,1364,729],"class_list":{"0":"post-639886","1":"post","2":"type-post","3":"status-publish","4":"format-standard","5":"has-post-thumbnail","7":"category-television","8":"tag-divertissement","9":"tag-entertainment","10":"tag-fr","11":"tag-france","12":"tag-television","13":"tag-tv","14":"tag-yout_video"},"share_on_mastodon":{"url":"https:\/\/pubeurope.com\/@fr\/115835641776120365","error":""},"_links":{"self":[{"href":"https:\/\/www.europesays.com\/fr\/wp-json\/wp\/v2\/posts\/639886","targetHints":{"allow":["GET"]}}],"collection":[{"href":"https:\/\/www.europesays.com\/fr\/wp-json\/wp\/v2\/posts"}],"about":[{"href":"https:\/\/www.europesays.com\/fr\/wp-json\/wp\/v2\/types\/post"}],"author":[{"embeddable":true,"href":"https:\/\/www.europesays.com\/fr\/wp-json\/wp\/v2\/users\/2"}],"replies":[{"embeddable":true,"href":"https:\/\/www.europesays.com\/fr\/wp-json\/wp\/v2\/comments?post=639886"}],"version-history":[{"count":0,"href":"https:\/\/www.europesays.com\/fr\/wp-json\/wp\/v2\/posts\/639886\/revisions"}],"wp:featuredmedia":[{"embeddable":true,"href":"https:\/\/www.europesays.com\/fr\/wp-json\/wp\/v2\/media\/639887"}],"wp:attachment":[{"href":"https:\/\/www.europesays.com\/fr\/wp-json\/wp\/v2\/media?parent=639886"}],"wp:term":[{"taxonomy":"category","embeddable":true,"href":"https:\/\/www.europesays.com\/fr\/wp-json\/wp\/v2\/categories?post=639886"},{"taxonomy":"post_tag","embeddable":true,"href":"https:\/\/www.europesays.com\/fr\/wp-json\/wp\/v2\/tags?post=639886"}],"curies":[{"name":"wp","href":"https:\/\/api.w.org\/{rel}","templated":true}]}}