{"id":639899,"date":"2026-01-04T07:33:10","date_gmt":"2026-01-04T07:33:10","guid":{"rendered":"https:\/\/www.europesays.com\/fr\/639899\/"},"modified":"2026-01-04T07:33:10","modified_gmt":"2026-01-04T07:33:10","slug":"le-president-venezuelien-transfere-a-new-york-sa-vice-presidente-delcy-rodriguez-assume-le-pouvoir-par-interim","status":"publish","type":"post","link":"https:\/\/www.europesays.com\/fr\/639899\/","title":{"rendered":"le pr\u00e9sident v\u00e9n\u00e9zu\u00e9lien transf\u00e9r\u00e9 \u00e0 New York\u00a0; sa vice-pr\u00e9sidente, Delcy Rodriguez, assume le pouvoir par int\u00e9rim"},"content":{"rendered":"<p>   Les r\u00e9actions des politiques en France                        <\/p>\n<p class=\"post__live-container--answer-text post__space-node\">\u00ab\u00a0Les USA de Trump s\u2019emparent du p\u00e9trole du Venezuela en violant sa souverainet\u00e9 avec une intervention militaire d\u2019un autre \u00e2ge et l\u2019enl\u00e8vement odieux du pr\u00e9sident Maduro et de son \u00e9pouse\u00a0\u00bb, a d\u00e9nonc\u00e9 le chef de file des \u00ab\u00a0insoumis\u00a0\u00bb, sur X. Le coordinateur de La France insoumise, <strong>Manuel Bompard<\/strong>, a d\u00e9clar\u00e9 que les Etats-Unis \u00ab\u00a0renou[ai]ent avec les coups d\u2019Etat et la guerre\u00a0\u00bb.<\/p>\n<p class=\"post__live-container--answer-text post__space-node\">Le premier secr\u00e9taire du Parti socialiste, a, quant \u00e0 lui, affirm\u00e9 sur X\u00a0: \u00ab\u00a0Quoi que l\u2019on pense de Maduro, cet acte doit \u00eatre unanimement condamn\u00e9.\u00a0\u00bb Jugeant que \u00ab\u00a0la force ne peut remplacer le droit\u00a0\u00bb, il s\u2019est inqui\u00e9t\u00e9 d\u2019\u00ab\u00a0un feu vert donn\u00e9 \u00e0 tous les autocrates du monde\u00a0\u00bb.<\/p>\n<p class=\"post__live-container--answer-text post__space-node\">\u00ab\u00a0Pas une larme pour le dictateur ploutocrate Maduro, mais il faut avoir conscience que nous entrons dans un monde sans droit international o\u00f9 pr\u00e9vaut la loi du plus fort\u00a0\u00bb, s\u2019est inqui\u00e9t\u00e9 l\u2019eurod\u00e9put\u00e9 social-d\u00e9mocrate.<\/p>\n<p class=\"post__live-container--answer-text post__space-node\">Silencieux jusqu\u2019en d\u00e9but de soir\u00e9e, le chef de l\u2019Etat a \u00e9crit sur X\u00a0: \u00ab\u00a0Le peuple v\u00e9n\u00e9zu\u00e9lien est aujourd\u2019hui d\u00e9barrass\u00e9 de la dictature de Nicolas Maduro et ne peut que s\u2019en r\u00e9jouir\u00a0\u00bb, jugeant que le pr\u00e9sident du Venzuela \u00ab\u00a0a port\u00e9 une atteinte grave \u00e0 la dignit\u00e9 de son propre peuple\u00a0\u00bb. Il appelle \u00e0 une \u00ab\u00a0transition \u00e0 venir pacifique, d\u00e9mocratique et respectueuse de la volont\u00e9 du peuple v\u00e9n\u00e9zu\u00e9lien. Nous souhaitons que le pr\u00e9sident Edmundo Gonzalez Urrutia, \u00e9lu en\u00a02024, puisse assurer au plus vite cette transition\u00a0\u00bb, sans \u00e9voquer l\u2019op\u00e9ration am\u00e9ricaine. Plus t\u00f4t, le chef de la diplomatie fran\u00e7aise, <strong>Jean-No\u00ebl Barrot<\/strong>, avait affirm\u00e9 que l\u2019op\u00e9ration am\u00e9ricaine \u00ab\u00a0contrev[enait] au principe de non-recours \u00e0 la force qui fonde le droit international\u00a0\u00bb et qu\u2019\u00ab\u00a0aucune solution politique durable ne saurait \u00eatre impos\u00e9e de l\u2019ext\u00e9rieur\u00a0\u00bb.<\/p>\n<p class=\"post__live-container--answer-text post__space-node\">L\u2019ancien premier ministre a fait savoir que l\u2019attaque\u00a0am\u00e9ricaine \u00ab\u00a0confirm[ait] que l\u2019usage d\u00e9complex\u00e9, unilat\u00e9ral de la force devient dangereusement le mode privil\u00e9gi\u00e9 d\u2019action internationale, y compris de la part de d\u00e9mocraties alli\u00e9es\u00a0\u00bb.<\/p>\n<p class=\"post__live-container--answer-text post__space-node\">La cheffe du Rassemblement National a jug\u00e9 qu\u2019il y avait \u00ab\u00a0mille raisons de condamner le r\u00e9gime de Nicolas Maduro\u00a0: communiste, oligarchique et autoritaire\u00a0\u00bb, mais que \u00ab\u00a0la souverainet\u00e9 des Etats n\u2019[\u00e9tait] jamais n\u00e9gociable\u00a0\u00bb. \u00ab\u00a0Renoncer \u00e0 ce principe aujourd\u2019hui pour le Venezuela, pour n\u2019importe quel Etat, reviendrait \u00e0 accepter demain notre propre servitude\u00a0\u00bb, a-t-elle ajout\u00e9, appelant \u00e0 \u00ab\u00a0rendre la parole\u00a0\u00bb aux V\u00e9n\u00e9zu\u00e9liens.<\/p>\n","protected":false},"excerpt":{"rendered":"Les r\u00e9actions des politiques en France \u00ab\u00a0Les USA de Trump s\u2019emparent du p\u00e9trole du Venezuela en violant sa&hellip;\n","protected":false},"author":2,"featured_media":639900,"comment_status":"","ping_status":"","sticky":false,"template":"","format":"standard","meta":{"footnotes":""},"categories":[5],"tags":[11,1011,27,14,12,28],"class_list":{"0":"post-639899","1":"post","2":"type-post","3":"status-publish","4":"format-standard","5":"has-post-thumbnail","7":"category-international","8":"tag-actualites","9":"tag-fr","10":"tag-france","11":"tag-international","12":"tag-news","13":"tag-world"},"share_on_mastodon":{"url":"https:\/\/pubeurope.com\/@fr\/115835673238330535","error":""},"_links":{"self":[{"href":"https:\/\/www.europesays.com\/fr\/wp-json\/wp\/v2\/posts\/639899","targetHints":{"allow":["GET"]}}],"collection":[{"href":"https:\/\/www.europesays.com\/fr\/wp-json\/wp\/v2\/posts"}],"about":[{"href":"https:\/\/www.europesays.com\/fr\/wp-json\/wp\/v2\/types\/post"}],"author":[{"embeddable":true,"href":"https:\/\/www.europesays.com\/fr\/wp-json\/wp\/v2\/users\/2"}],"replies":[{"embeddable":true,"href":"https:\/\/www.europesays.com\/fr\/wp-json\/wp\/v2\/comments?post=639899"}],"version-history":[{"count":0,"href":"https:\/\/www.europesays.com\/fr\/wp-json\/wp\/v2\/posts\/639899\/revisions"}],"wp:featuredmedia":[{"embeddable":true,"href":"https:\/\/www.europesays.com\/fr\/wp-json\/wp\/v2\/media\/639900"}],"wp:attachment":[{"href":"https:\/\/www.europesays.com\/fr\/wp-json\/wp\/v2\/media?parent=639899"}],"wp:term":[{"taxonomy":"category","embeddable":true,"href":"https:\/\/www.europesays.com\/fr\/wp-json\/wp\/v2\/categories?post=639899"},{"taxonomy":"post_tag","embeddable":true,"href":"https:\/\/www.europesays.com\/fr\/wp-json\/wp\/v2\/tags?post=639899"}],"curies":[{"name":"wp","href":"https:\/\/api.w.org\/{rel}","templated":true}]}}