{"id":639908,"date":"2026-01-04T07:40:14","date_gmt":"2026-01-04T07:40:14","guid":{"rendered":"https:\/\/www.europesays.com\/fr\/639908\/"},"modified":"2026-01-04T07:40:14","modified_gmt":"2026-01-04T07:40:14","slug":"ligue-2-vainqueur-a-amiens-las-nancy-lorraine-debute-bien-lannee","status":"publish","type":"post","link":"https:\/\/www.europesays.com\/fr\/639908\/","title":{"rendered":"Ligue 2. Vainqueur \u00e0 Amiens, l\u2019AS Nancy-Lorraine d\u00e9bute bien l&rsquo;ann\u00e9e"},"content":{"rendered":"<p>Un froid polaire, un stade priv\u00e9 d\u2019une de ses tribunes (suspension pour cris racistes), une petite affluence\u2026 Que le r\u00e9veillon du Nouvel An semblait d\u00e9j\u00e0 bien loin, ce 3\u00a0janvier, au stade de la Licorne\u00a0! Ce n\u2019\u00e9tait franchement pas une ambiance de f\u00eate, mais l\u2019ASNL a eu l\u2019excellente id\u00e9e de r\u00e9chauffer tout \u00e7a, en se d\u00e9tachant rapidement dans cette rencontre. Le plan tactique mis en place par Pablo Correa a fonctionn\u00e9 \u00e0 merveille, aid\u00e9 par une ouverture du score sur corner d\u00e8s la 11e minute. Centre&#8230;<\/p>\n","protected":false},"excerpt":{"rendered":"Un froid polaire, un stade priv\u00e9 d\u2019une de ses tribunes (suspension pour cris racistes), une petite affluence\u2026 Que&hellip;\n","protected":false},"author":2,"featured_media":639909,"comment_status":"","ping_status":"","sticky":false,"template":"","format":"standard","meta":{"footnotes":""},"categories":[9635],"tags":[1111,11,3703,1777,674,107,1701,63,1011,27,775,1702,12,25,517,1700],"class_list":{"0":"post-639908","1":"post","2":"type-post","3":"status-publish","4":"format-standard","5":"has-post-thumbnail","7":"category-nancy","8":"tag-actu","9":"tag-actualites","10":"tag-asnl","11":"tag-eu","12":"tag-europe","13":"tag-fil-info","14":"tag-fil-info-sport","15":"tag-football","16":"tag-fr","17":"tag-france","18":"tag-grand-est","19":"tag-nancy","20":"tag-news","21":"tag-republique-francaise","22":"tag-sport","23":"tag-sport-lorrain"},"share_on_mastodon":{"url":"https:\/\/pubeurope.com\/@fr\/115835700704347738","error":""},"_links":{"self":[{"href":"https:\/\/www.europesays.com\/fr\/wp-json\/wp\/v2\/posts\/639908","targetHints":{"allow":["GET"]}}],"collection":[{"href":"https:\/\/www.europesays.com\/fr\/wp-json\/wp\/v2\/posts"}],"about":[{"href":"https:\/\/www.europesays.com\/fr\/wp-json\/wp\/v2\/types\/post"}],"author":[{"embeddable":true,"href":"https:\/\/www.europesays.com\/fr\/wp-json\/wp\/v2\/users\/2"}],"replies":[{"embeddable":true,"href":"https:\/\/www.europesays.com\/fr\/wp-json\/wp\/v2\/comments?post=639908"}],"version-history":[{"count":0,"href":"https:\/\/www.europesays.com\/fr\/wp-json\/wp\/v2\/posts\/639908\/revisions"}],"wp:featuredmedia":[{"embeddable":true,"href":"https:\/\/www.europesays.com\/fr\/wp-json\/wp\/v2\/media\/639909"}],"wp:attachment":[{"href":"https:\/\/www.europesays.com\/fr\/wp-json\/wp\/v2\/media?parent=639908"}],"wp:term":[{"taxonomy":"category","embeddable":true,"href":"https:\/\/www.europesays.com\/fr\/wp-json\/wp\/v2\/categories?post=639908"},{"taxonomy":"post_tag","embeddable":true,"href":"https:\/\/www.europesays.com\/fr\/wp-json\/wp\/v2\/tags?post=639908"}],"curies":[{"name":"wp","href":"https:\/\/api.w.org\/{rel}","templated":true}]}}