{"id":639915,"date":"2026-01-04T07:50:10","date_gmt":"2026-01-04T07:50:10","guid":{"rendered":"https:\/\/www.europesays.com\/fr\/639915\/"},"modified":"2026-01-04T07:50:10","modified_gmt":"2026-01-04T07:50:10","slug":"parce-que-la-ville-de-bruz-merite-mieux-jean-rene-houssin-se-lance-dans-la-course-aux-municipales-de-2026","status":"publish","type":"post","link":"https:\/\/www.europesays.com\/fr\/639915\/","title":{"rendered":"Parce que la ville de Bruz \u00ab\u00a0m\u00e9rite mieux\u00a0\u00bb, Jean-Ren\u00e9 Houssin se lance dans la course aux municipales de 2026"},"content":{"rendered":"<p>                    Par<br \/>\n        <strong><br \/>\n            <a href=\"https:\/\/actu.fr\/auteur\/brian-legoff\" title=\"Consulter tous les articles de Brian Le Goff\" target=\"_blank\" rel=\"noopener\">Brian Le Goff<\/a><br \/>\n                    <\/strong><\/p>\n<p>        Publi\u00e9 le<\/p>\n<p>            4 janv. 2026 \u00e0 6h32        <\/p>\n<p>Il porte une<strong> liste non \u00e9tiquet\u00e9e<\/strong> \u00ab\u2009compos\u00e9e de diff\u00e9rentes sensibilit\u00e9s\u2009\u00bb, bas\u00e9e sur des <strong>valeurs de la droite et du centre.<\/strong> L\u2019\u00e9lu d\u2019opposition Jean-Ren\u00e9 Houssin est candidat et t\u00eate de la liste <strong>\u00ab\u2009Un Nouvel \u00c9lan pour Bruz\u2009\u00bb<\/strong> pour les <a href=\"https:\/\/actu.fr\/rennes\/politique\/elections-municipales\" target=\"_blank\" rel=\"noopener\">Municipales<\/a> 2026 \u00e0 <a href=\"https:\/\/actu.fr\/bretagne\/bruz_35047\" target=\"_blank\" rel=\"noopener\">Bruz<\/a>.<\/p>\n<p>Ancien pr\u00e9sident de La Jeanne d\u2019Arc pendant 12\u00a0ans<\/p>\n<p class=\" wall-content\">Celui qui a \u00e9t\u00e9 pendant 12\u00a0ans pr\u00e9sident de l\u2019association Jeanne d\u2019Arc et est \u00e9lu municipal depuis 2009 \u2013 il a aussi \u00e9t\u00e9 adjoint \u00e0 la culture, aux sports et aux associations de 2014 \u00e0 2020 \u2013 a <strong>\u00ab\u2009toujours \u00e9t\u00e9 anim\u00e9 par l\u2019engagement politique\u2009\u00bb<\/strong>.<\/p>\n<p class=\" wall-content\"><strong>Bruzois depuis ses huit ans<\/strong>, il a \u00ab\u2009vu la ville \u00e9voluer et se transformer\u2009\u00bb et estime que la <strong>deuxi\u00e8me commune de la m\u00e9tropole,<\/strong> en termes de population, <strong>\u00ab\u2009m\u00e9rite mieux\u2009\u00bb<\/strong>. En premier lieu, au niveau de la proximit\u00e9 avec les habitants.<\/p>\n<blockquote class=\"ac-article-quote wall-content\">\n<p>Je consid\u00e8re que le maire doit \u00eatre pr\u00e9sent dans la ville. C&rsquo;est quelque chose que je veux incarner.<\/p>\n<p>    <strong>Jean-Ren\u00e9 Houssin<\/strong><br \/>\n        Candidat \u00e0 la mairie de Bruz    <\/p><\/blockquote>\n<p class=\" wall-content\">Parmi les premiers dossiers qui se retrouveront sur son bureau s\u2019il devient maire, il y a celui du trac\u00e9 du <a href=\"https:\/\/actu.fr\/bretagne\/rennes_35238\/trambus-a-rennes-le-trace-et-les-stations-des-futures-lignes-t3-et-t4_60346308.html\" target=\"_blank\" rel=\"noopener\">trambus<\/a>.<\/p>\n<p>Il veut faire arriver le trambus \u00e0 la gare<\/p>\n<p class=\" wall-content\">La M\u00e9tropole et la majorit\u00e9 en place r\u00e9fl\u00e9chissent \u00e0 un<strong> terminus au niveau du parc de la Herverie ou du c\u00f4t\u00e9 du rond-point du Vau-Gaillard*<\/strong> avec un passage sur la place du Docteur-Joly, d\u00e9j\u00e0 r\u00e9am\u00e9nag\u00e9e \u00e0 la fin des ann\u00e9es 2010.<\/p>\n<p class=\" wall-content\">Jean-Ren\u00e9 Houssin opte pour une arriv\u00e9e \u00e0 la gare ferroviaire,<strong> afin d\u2019y cr\u00e9er un hub multimodal<\/strong>\u00a0et la mise en place de <strong>navettes intra-muros<\/strong> \u00ab\u2009pour favoriser les d\u00e9placements dans l\u2019ensemble des quartiers\u2009\u00bb plut\u00f4t que de \u00ab\u2009congestionner le centre-ville\u2009\u00bb avec une \u00ab\u2009r\u00e9duction des parkings qui n\u2019est pas souhaitable\u2009\u00bb et qui \u00ab\u2009permettrait de faire des \u00e9conomies sur un projet \u00e0 80\u00a0millions d\u2019euros\u2009\u00bb.<\/p>\n<p>Votre r\u00e9gion, votre actu !<\/p>\n<p>Recevez chaque jour les infos qui comptent pour vous.<\/p>\n<p>\t<a href=\"https:\/\/actu.fr\/newsletter\" class=\"ac-btn ac-btn--corner ac-btn--medium ac-btn--blue800\" target=\"_blank\" rel=\"noopener\">S&rsquo;incrire<\/a><\/p>\n<blockquote class=\"ac-article-quote wall-content\">\n<p>Je pense partager avec les commer\u00e7ants le fait que faire passer le trambus dans le centre-ville est compliqu\u00e9 pour le march\u00e9 qui se tient place du Docteur-Joly et le commerce au quotidien. Aujourd&rsquo;hui, les Bruzois ont d&rsquo;autres choix \u00e0 faire. Nous, on est rest\u00e9 immuables sur cette question, sachant que la gare est un moyen et un atout pour \u00eatre en moins de dix minutes dans Rennes.<\/p>\n<p>    <strong>Jean-Ren\u00e9 Houssin<\/strong><br \/>\n        Candidat \u00e0 la mairie de Bruz    <\/p><\/blockquote>\n<p class=\" wall-content\">L\u2019\u00e9lu d\u2019opposition estime \u00e9galement qu\u2019il<strong> doit y avoir des r\u00e9flexions sur la fr\u00e9quence<\/strong> des transports en commun.<\/p>\n<p>\u00ab\u2009La M\u00e9tropole ne doit pas d\u00e9cider de tout \u00e0 notre place\u2009\u00bb<\/p>\n<p class=\" wall-content\">Le trambus est l\u2019occasion pour le candidat de donner <strong>son ressenti sur les relations avec la M\u00e9tropole<\/strong>. \u00ab\u2009On a l\u2019impression de suivre le mouvement sans avoir voix au chapitre.\u2009\u00bb<\/p>\n<blockquote class=\"ac-article-quote wall-content\">\n<p>La M\u00e9tropole ne doit pas d\u00e9cider de tout \u00e0 notre place. Nous tenons \u00e0 ma\u00eetriser notre avenir, surtout lorsqu&rsquo;il s&rsquo;agit d&rsquo;urbanisme et mobilit\u00e9s. On ne veut pas \u00eatre une banlieue de Rennes et on veut s&rsquo;en d\u00e9fendre car la ville a beaucoup de potentialit\u00e9.<\/p>\n<p>    <strong>Jean-Ren\u00e9 Houssin<\/strong><br \/>\n        Candidat \u00e0 la mairie de Bruz    <\/p><\/blockquote>\n<p class=\" wall-content\">Autre sujet d\u2019occupation pour les habitants de la ville\u2009: le<strong> logement<\/strong>. Lors du dernier conseil municipal, le 15\u00a0d\u00e9cembre, la majorit\u00e9 a vot\u00e9 la cr\u00e9ation d\u2019une ZAC multisites, \u00e0 six endroits de la ville\u2009: Le Grand P\u00e2tis, No\u00eb, Mons, Gare, Maison des associations, Haye de Pan. Cette ZAC multisites doit permettre de construire 1\u2009700 logements avec des premi\u00e8res livraisons attendues pour 2030 sur environ 30 hectares.<\/p>\n<p class=\" wall-content\">Lors de notre \u00e9change avec Jean-Ren\u00e9 Houssin qui a lieu avant ce m\u00eame conseil municipal, ce dernier<strong> s\u2019interrogeait sur l\u2019am\u00e9nageur de cette Zac<\/strong>.<\/p>\n<p class=\" wall-content\">\u00ab\u2009De notre c\u00f4t\u00e9, on veut accentuer aussi la construction de logements en lien avec l\u2019entretien et la propret\u00e9 de la ville\u2009\u00bb, ajoute-t-il.<\/p>\n<p>Recrutement d\u2019un policier municipal<\/p>\n<p class=\" wall-content\">Pour une \u00ab\u2009ville en s\u00e9curit\u00e9 o\u00f9 il fait bon vivre\u2009\u00bb, le candidat compte enfin<strong> renforcer la police municipale<\/strong>, notamment du point de vue de la pr\u00e9vention, avec le <strong>recrutement d\u2019un fonctionnaire<\/strong>.<\/p>\n<p>(*) Sur proposition du panel citoyen mobilis\u00e9 sur le sujet, la Ville a demand\u00e9 \u00e0 la M\u00e9tropole de r\u00e9fl\u00e9chir \u00e0 repousser le terminus du trambus jusqu\u2019\u00e0 La\u00a0Haye de Pan, tout \u00e0 l\u2019est de la ville.<\/p>\n<p class=\" wall-content\">Personnalisez votre actualit\u00e9 en ajoutant vos villes et m\u00e9dias en favori avec <a href=\"https:\/\/moncompte.actu.fr\" title=\"D\u00e9couvez Mon Actu\" rel=\"nofollow noopener\" data-trk=\"{&quot;cta&quot;:{&quot;action&quot;:&quot;https:\\\/\\\/moncompte.actu.fr&quot;,&quot;category&quot;:&quot;mon compte&quot;,&quot;from&quot;:&quot;article footer&quot;,&quot;name&quot;:&quot;Mon actu&quot;,&quot;type&quot;:&quot;cta&quot;}}\" target=\"_blank\">Mon Actu<\/a>.<\/p>\n","protected":false},"excerpt":{"rendered":"Par Brian Le Goff Publi\u00e9 le 4 janv. 2026 \u00e0 6h32 Il porte une liste non \u00e9tiquet\u00e9e \u00ab\u2009compos\u00e9e&hellip;\n","protected":false},"author":2,"featured_media":639916,"comment_status":"","ping_status":"","sticky":false,"template":"","format":"standard","meta":{"footnotes":""},"categories":[2821],"tags":[1111,11,829,4188,1777,674,1011,27,1908,3434,12,1072,316,584,25],"class_list":{"0":"post-639915","1":"post","2":"type-post","3":"status-publish","4":"format-standard","5":"has-post-thumbnail","7":"category-rennes","8":"tag-actu","9":"tag-actualites","10":"tag-bretagne","11":"tag-elections-municipales","12":"tag-eu","13":"tag-europe","14":"tag-fr","15":"tag-france","16":"tag-logement","17":"tag-municipales-2026","18":"tag-news","19":"tag-police","20":"tag-politique","21":"tag-rennes","22":"tag-republique-francaise"},"share_on_mastodon":{"url":"https:\/\/pubeurope.com\/@fr\/115835740192416943","error":""},"_links":{"self":[{"href":"https:\/\/www.europesays.com\/fr\/wp-json\/wp\/v2\/posts\/639915","targetHints":{"allow":["GET"]}}],"collection":[{"href":"https:\/\/www.europesays.com\/fr\/wp-json\/wp\/v2\/posts"}],"about":[{"href":"https:\/\/www.europesays.com\/fr\/wp-json\/wp\/v2\/types\/post"}],"author":[{"embeddable":true,"href":"https:\/\/www.europesays.com\/fr\/wp-json\/wp\/v2\/users\/2"}],"replies":[{"embeddable":true,"href":"https:\/\/www.europesays.com\/fr\/wp-json\/wp\/v2\/comments?post=639915"}],"version-history":[{"count":0,"href":"https:\/\/www.europesays.com\/fr\/wp-json\/wp\/v2\/posts\/639915\/revisions"}],"wp:featuredmedia":[{"embeddable":true,"href":"https:\/\/www.europesays.com\/fr\/wp-json\/wp\/v2\/media\/639916"}],"wp:attachment":[{"href":"https:\/\/www.europesays.com\/fr\/wp-json\/wp\/v2\/media?parent=639915"}],"wp:term":[{"taxonomy":"category","embeddable":true,"href":"https:\/\/www.europesays.com\/fr\/wp-json\/wp\/v2\/categories?post=639915"},{"taxonomy":"post_tag","embeddable":true,"href":"https:\/\/www.europesays.com\/fr\/wp-json\/wp\/v2\/tags?post=639915"}],"curies":[{"name":"wp","href":"https:\/\/api.w.org\/{rel}","templated":true}]}}