{"id":639917,"date":"2026-01-04T07:51:16","date_gmt":"2026-01-04T07:51:16","guid":{"rendered":"https:\/\/www.europesays.com\/fr\/639917\/"},"modified":"2026-01-04T07:51:16","modified_gmt":"2026-01-04T07:51:16","slug":"je-crains-que-rennes-ne-perde-ce-qui-fait-son-adn-voici-comment-ils-imaginent-la-capitale-bretonne-en-2040","status":"publish","type":"post","link":"https:\/\/www.europesays.com\/fr\/639917\/","title":{"rendered":"\u00ab\u00a0Je crains que Rennes ne perde ce qui fait son ADN\u00a0\u00bb\u00a0: voici comment ils imaginent la capitale bretonne en 2040"},"content":{"rendered":"<p>\u00ab La Ville de Rennes sera mieux reli\u00e9e \u00e0 l\u2019int\u00e9rieur de la Bretagne. Je vois bien une liaison vers Brest en 80 minutes. Sur le plan de l\u2019immobilier, je crains que les banlieues de Rennes m\u00e9tropole ne deviennent hors de prix, notamment en raison d\u2019une ins\u00e9curit\u00e9 croissante, particuli\u00e8rement dans le centre-ville. \u00bb<\/p>\n<p><a class=\"tlg-kiosque tlg-kiosque-rennes gtm-kiosque-rennes\" href=\"https:\/\/www.lemensuel.com\/rennes\" target=\"_blank\" rel=\"noopener\"><img decoding=\"async\" src=\"https:\/\/www.europesays.com\/fr\/wp-content\/uploads\/2026\/01\/MDR_une_complete.png\" alt=\"Couverture Mensuel Rennes\"\/><\/p>\n<p>Le Mensuel de Rennes<\/p>\n<p>Magazine curieux et (im)pertinent !<\/p>\n<p>D\u00e9couvrez<\/a>Louise, 18 ans, \u00e9tudiante en droit, \u00e0 Rennes depuis 3 mois<img decoding=\"async\" src=\"https:\/\/www.europesays.com\/fr\/wp-content\/uploads\/2026\/01\/6957f5cfdade18ba6e0e0192.1.jpeg\" width=\"480\" height=\"300\" class=\"web_golden_m\" loading=\"lazy\" alt=\"\u00ab\u00a0Je crains que Rennes ne perde ce qui fait son ADN\u00a0\u00bb\u00a0: voici comment ils imaginent la capitale bretonne en 2040\"\/> (Le Mensuel de Rennes\/David Brunet)<\/p>\n<p>\u00ab J\u2019habite \u00e0 l\u2019ouest de Rennes, mais je viens tous les jours \u00e0 Rennes depuis la rentr\u00e9e pour mes \u00e9tudes. Je suis Normande d\u2019origine. Je trouve que Rennes est une tr\u00e8s belle ville, propre, \u00e0 visage humain. Quand on arrive \u00e0 Rennes, on voit des b\u00e2timents tr\u00e8s modernes, mais dans le centre, il y a une belle architecture. J\u2019esp\u00e8re que \u00e7a va rester comme \u00e7a. Elle me semble assez \u00e9pargn\u00e9e par le changement climatique et par les grands mouvements de population. Pour les ann\u00e9es \u00e0 venir, je pense qu\u2019il faut juste qu\u2019elle garde ce visage humain, qu\u2019elle n\u2019attire pas trop de monde. \u00bb<\/p>\n<p>Julien, 34 ans, artisan menuisier, Cl\u00e9menceau, \u00e0 Rennes depuis 5 ans<img decoding=\"async\" src=\"https:\/\/www.europesays.com\/fr\/wp-content\/uploads\/2026\/01\/6957f5cee528377bdc04b132.1.jpeg\" width=\"480\" height=\"300\" class=\"web_golden_m\" loading=\"lazy\" alt=\"\u00ab\u00a0Je crains que Rennes ne perde ce qui fait son ADN\u00a0\u00bb\u00a0: voici comment ils imaginent la capitale bretonne en 2040\"\/> (Le Mensuel de Rennes\/David Brunet)<\/p>\n<p>\u00ab Actuellement, Rennes c\u2019est super, une belle ville, avec beaucoup de mouvement. On parle beaucoup d\u2019ins\u00e9curit\u00e9 mais je trouve que \u00e7a va. C\u2019est peut-\u00eatre d\u00fb \u00e0 ma corpulence ! On m\u2019emb\u00eate peut-\u00eatre un peu moins. Je crains un peu pour l\u2019accessibilit\u00e9. Le v\u00e9lo c\u2019est tr\u00e8s bien mais il faut penser \u00e0 ceux qui doivent venir dans l\u2019hyper centre en camion pour leur m\u00e9tier. Je suis dans l\u2019artisanat et c\u2019est assez compliqu\u00e9 de venir dans le centre. Je ne sais pas comment ce sera dans quinze ans mais sur les cinq derni\u00e8res ann\u00e9es, l\u2019\u00e9volution est positive. \u00bb<\/p>\n<p>Tom, 23 ans, fra\u00eechement dipl\u00f4m\u00e9 en urbanisme, centre-ville, \u00e0 Rennes depuis 12 ans<\/p>\n<p>\u00ab En 2040, Rennes sera une ville encore plus tourn\u00e9e vers la nature et la culture. Les mobilit\u00e9s douces et les transports en commun auront pris le dessus sur les transports carbon\u00e9s, \u00e0 la fois en ville mais aussi dans la m\u00e9tropole gr\u00e2ce au RER m\u00e9tropolitain mis en place pour mieux connecter Rennes et sa banlieue. Je crains que Rennes ne perde ce qui fait son ADN : ce c\u00f4t\u00e9 rebelle, festif, jeune. J\u2019aimerais id\u00e9alement que Rennes syst\u00e9matise, d\u2019ici \u00e0 2040, une signal\u00e9tique bilingue ou trilingue pour affirmer son r\u00f4le de capitale r\u00e9gionale et ses multiples langues qui font sa richesse. \u00bb<\/p>\n<p>Colette, 72 ans, retrait\u00e9e, Bellangerais, \u00e0 Rennes depuis 53 ans<img decoding=\"async\" src=\"https:\/\/www.europesays.com\/fr\/wp-content\/uploads\/2026\/01\/6957f5cef42c441faa0e7b91.1.jpeg\" width=\"480\" height=\"300\" class=\"web_golden_m\" loading=\"lazy\" alt=\"\u00ab\u00a0Je crains que Rennes ne perde ce qui fait son ADN\u00a0\u00bb\u00a0: voici comment ils imaginent la capitale bretonne en 2040\"\/> (Le Mensuel de Rennes\/David Brunet)<\/p>\n<p>\u00ab Dans quinze ans, j\u2019imagine Rennes presque sans voitures. Les voitures sont de toute fa\u00e7on d\u00e9j\u00e0 presque interdites dans le centre. Je suis assez d\u2019accord, m\u00eame si c\u2019est compliqu\u00e9 pour les commer\u00e7ants. Je ne pense pas que \u00e7a s\u2019am\u00e9liorera pour eux. J\u2019aimerais aussi qu\u2019il y ait encore plus d\u2019espaces verts, et moins de nuisances sonores. Quant au (narco) trafic, j\u2019habite un quartier o\u00f9 il y a eu pas mal de faits li\u00e9s \u00e0 la drogue, mais \u00e7a s\u2019est calm\u00e9. Il y a quinze ans, je n\u2019osais pas sortir le soir, ce n\u2019est plus le cas maintenant.<\/p>\n<p>Smoosh, 27 ans, artiste, Villejean, n\u00e9 \u00e0 Rennes<img decoding=\"async\" src=\"https:\/\/www.europesays.com\/fr\/wp-content\/uploads\/2026\/01\/6957f5ce9df9b9582c0198b4.1.jpeg\" width=\"480\" height=\"300\" class=\"web_golden_m\" loading=\"lazy\" alt=\"\u00ab\u00a0Je crains que Rennes ne perde ce qui fait son ADN\u00a0\u00bb\u00a0: voici comment ils imaginent la capitale bretonne en 2040\"\/> (Le Mensuel de Rennes\/David Brunet)<\/p>\n<p>\u00ab Je pense qu\u2019il y aura encore plus de monde \u00e0 Rennes. J\u2019esp\u00e8re qu\u2019il y a aura une troisi\u00e8me ligne de m\u00e9tro. Il faudrait un peu plus de logements, notamment des logements sociaux, pour que ce soit accessible \u00e0 tout le monde. Avec tous les travaux, tous les projets, je crains qu\u2019il y ait moins de diversit\u00e9, moins de mixit\u00e9 sociale, plus de gentrification.<\/p>\n<p>Coralie, 29 ans, cr\u00eapi\u00e8re, \u00e0 Rennes depuis 15 ans<img decoding=\"async\" src=\"https:\/\/www.europesays.com\/fr\/wp-content\/uploads\/2026\/01\/6957f5cd529c77094f06a012.1.jpeg\" width=\"480\" height=\"300\" class=\"web_golden_m\" loading=\"lazy\" alt=\"\u00ab\u00a0Je crains que Rennes ne perde ce qui fait son ADN\u00a0\u00bb\u00a0: voici comment ils imaginent la capitale bretonne en 2040\"\/> (Le Mensuel de Rennes\/David Brunet)<\/p>\n<p>\u00ab J\u2019esp\u00e8re que la ville sera un peu plus verte, qu\u2019il y aura un tout petit peu moins de vols de v\u00e9lo. Et j\u2019esp\u00e8re que Rennes sera un peu moins \u201ccharg\u00e9e\u201d. Il y a d\u00e9j\u00e0 beaucoup de monde, \u00e7a construit de partout et on a de moins en moins d\u2019espaces pour les champs, l\u2019agriculture, c\u2019est important d\u2019en garder. Avec tout ce qu\u2019on entend sur les quartiers, je crains que \u00e7a ne devienne ins\u00e9curisant pour la population, m\u00eame si moi, \u00e0 mon niveau, je ne le ressens pas pour le moment. \u00bb<\/p>\n<p>Annie, 66 ans, retrait\u00e9e, Brequigny, \u00e0 Rennes depuis 48 ans<img decoding=\"async\" src=\"https:\/\/www.europesays.com\/fr\/wp-content\/uploads\/2026\/01\/6957f5cd8ba1c2b0ae06d524.1.jpeg\" width=\"480\" height=\"300\" class=\"web_golden_m\" loading=\"lazy\" alt=\"\u00ab\u00a0Je crains que Rennes ne perde ce qui fait son ADN\u00a0\u00bb\u00a0: voici comment ils imaginent la capitale bretonne en 2040\"\/> (Le Mensuel de Rennes\/David Brunet)<\/p>\n<p>\u00ab J\u2019imagine que Rennes sera tr\u00e8s peupl\u00e9e dans quinze ans. \u00c0 chaque fois qu\u2019une maison se vend, on construit des immeubles. On s\u2019est battus dans notre quartier pour ne pas en avoir, on en a eus. On sait que Rennes ne veut pas s\u2019\u00e9tendre en dehors de la rocade. Donc \u00e7a va se faire intra-muros. Je crains pour la densit\u00e9 de la ville. Je crains aussi les probl\u00e8mes de drogue. Ils sont partout, m\u00eame dans les quartiers calmes. Je ne sais pas ce qu\u2019il faut faire, mais ce qui est fait n\u2019a aucun effet. J\u2019aimerais aussi que la ville soit plus v\u00e9g\u00e9talis\u00e9e. Ici (place de la mairie) il n\u2019y a rien, esplanade Charles-De Gaulle, pas un arbre non plus.<\/p>\n","protected":false},"excerpt":{"rendered":"\u00ab La Ville de Rennes sera mieux reli\u00e9e \u00e0 l\u2019int\u00e9rieur de la Bretagne. Je vois bien une liaison&hellip;\n","protected":false},"author":2,"featured_media":639918,"comment_status":"","ping_status":"","sticky":false,"template":"","format":"standard","meta":{"footnotes":""},"categories":[2821],"tags":[1111,11,829,1777,674,1011,27,848,12,584,25],"class_list":{"0":"post-639917","1":"post","2":"type-post","3":"status-publish","4":"format-standard","5":"has-post-thumbnail","7":"category-rennes","8":"tag-actu","9":"tag-actualites","10":"tag-bretagne","11":"tag-eu","12":"tag-europe","13":"tag-fr","14":"tag-france","15":"tag-ille-et-vilaine","16":"tag-news","17":"tag-rennes","18":"tag-republique-francaise"},"share_on_mastodon":{"url":"https:\/\/pubeurope.com\/@fr\/115835744292255370","error":""},"_links":{"self":[{"href":"https:\/\/www.europesays.com\/fr\/wp-json\/wp\/v2\/posts\/639917","targetHints":{"allow":["GET"]}}],"collection":[{"href":"https:\/\/www.europesays.com\/fr\/wp-json\/wp\/v2\/posts"}],"about":[{"href":"https:\/\/www.europesays.com\/fr\/wp-json\/wp\/v2\/types\/post"}],"author":[{"embeddable":true,"href":"https:\/\/www.europesays.com\/fr\/wp-json\/wp\/v2\/users\/2"}],"replies":[{"embeddable":true,"href":"https:\/\/www.europesays.com\/fr\/wp-json\/wp\/v2\/comments?post=639917"}],"version-history":[{"count":0,"href":"https:\/\/www.europesays.com\/fr\/wp-json\/wp\/v2\/posts\/639917\/revisions"}],"wp:featuredmedia":[{"embeddable":true,"href":"https:\/\/www.europesays.com\/fr\/wp-json\/wp\/v2\/media\/639918"}],"wp:attachment":[{"href":"https:\/\/www.europesays.com\/fr\/wp-json\/wp\/v2\/media?parent=639917"}],"wp:term":[{"taxonomy":"category","embeddable":true,"href":"https:\/\/www.europesays.com\/fr\/wp-json\/wp\/v2\/categories?post=639917"},{"taxonomy":"post_tag","embeddable":true,"href":"https:\/\/www.europesays.com\/fr\/wp-json\/wp\/v2\/tags?post=639917"}],"curies":[{"name":"wp","href":"https:\/\/api.w.org\/{rel}","templated":true}]}}