{"id":639921,"date":"2026-01-04T07:53:12","date_gmt":"2026-01-04T07:53:12","guid":{"rendered":"https:\/\/www.europesays.com\/fr\/639921\/"},"modified":"2026-01-04T07:53:12","modified_gmt":"2026-01-04T07:53:12","slug":"lautre-reunion-de-famille-demma-tuccella","status":"publish","type":"post","link":"https:\/\/www.europesays.com\/fr\/639921\/","title":{"rendered":"l\u2019autre r\u00e9union de famille d\u2019Emma Tuccella"},"content":{"rendered":"<p>\u00ab\u200aJ\u2019ai h\u00e2te de retrouver le Rhenus, mais aussi h\u00e2te d\u2019y jouer contre Metz, en plus juste apr\u00e8s les championnats du monde. Ce sera un derby particulier pour moi, parce que c\u2019est le club qui m\u2019a fait conna\u00eetre.\u200a\u00bb<\/p>\n<p>Emma Tuccella f\u00eatera ses 22\u200aans le 8\u00a0janvier, mais quatre jours plus t\u00f4t, ce sera aussi un jour de f\u00eate pour celle qui a d\u00e9couvert le plus haut niveau avec le club mosellan.<\/p>\n<p>\u00ab\u200aLe handball m\u2019a permis de vaincre cette peur\u200a\u00bb<\/p>\n<p>\u00ab\u200aMetz, c\u2019est une armada redoutable qui n\u2019a perdu qu\u2019une seule fois cette saison, contre Gy\u00f6r (le tenant du titre, ndlr) en Ligue des champions. J\u2019attends avec impatience de pouvoir la rencontrer, en esp\u00e9rant que ce sera un&#8230;<\/p>\n","protected":false},"excerpt":{"rendered":"\u00ab\u200aJ\u2019ai h\u00e2te de retrouver le Rhenus, mais aussi h\u00e2te d\u2019y jouer contre Metz, en plus juste apr\u00e8s les&hellip;\n","protected":false},"author":2,"featured_media":639922,"comment_status":"","ping_status":"","sticky":false,"template":"","format":"standard","meta":{"footnotes":""},"categories":[2820],"tags":[1111,11,2649,1777,674,107,1011,27,775,1792,12,25,517,640,12904],"class_list":{"0":"post-639921","1":"post","2":"type-post","3":"status-publish","4":"format-standard","5":"has-post-thumbnail","7":"category-strasbourg","8":"tag-actu","9":"tag-actualites","10":"tag-bas-rhin","11":"tag-eu","12":"tag-europe","13":"tag-fil-info","14":"tag-fr","15":"tag-france","16":"tag-grand-est","17":"tag-handball","18":"tag-news","19":"tag-republique-francaise","20":"tag-sport","21":"tag-strasbourg","22":"tag-strasbourg-ath"},"share_on_mastodon":{"url":"https:\/\/pubeurope.com\/@fr\/115835751878804213","error":""},"_links":{"self":[{"href":"https:\/\/www.europesays.com\/fr\/wp-json\/wp\/v2\/posts\/639921","targetHints":{"allow":["GET"]}}],"collection":[{"href":"https:\/\/www.europesays.com\/fr\/wp-json\/wp\/v2\/posts"}],"about":[{"href":"https:\/\/www.europesays.com\/fr\/wp-json\/wp\/v2\/types\/post"}],"author":[{"embeddable":true,"href":"https:\/\/www.europesays.com\/fr\/wp-json\/wp\/v2\/users\/2"}],"replies":[{"embeddable":true,"href":"https:\/\/www.europesays.com\/fr\/wp-json\/wp\/v2\/comments?post=639921"}],"version-history":[{"count":0,"href":"https:\/\/www.europesays.com\/fr\/wp-json\/wp\/v2\/posts\/639921\/revisions"}],"wp:featuredmedia":[{"embeddable":true,"href":"https:\/\/www.europesays.com\/fr\/wp-json\/wp\/v2\/media\/639922"}],"wp:attachment":[{"href":"https:\/\/www.europesays.com\/fr\/wp-json\/wp\/v2\/media?parent=639921"}],"wp:term":[{"taxonomy":"category","embeddable":true,"href":"https:\/\/www.europesays.com\/fr\/wp-json\/wp\/v2\/categories?post=639921"},{"taxonomy":"post_tag","embeddable":true,"href":"https:\/\/www.europesays.com\/fr\/wp-json\/wp\/v2\/tags?post=639921"}],"curies":[{"name":"wp","href":"https:\/\/api.w.org\/{rel}","templated":true}]}}