{"id":639927,"date":"2026-01-04T07:56:43","date_gmt":"2026-01-04T07:56:43","guid":{"rendered":"https:\/\/www.europesays.com\/fr\/639927\/"},"modified":"2026-01-04T07:56:43","modified_gmt":"2026-01-04T07:56:43","slug":"incendie-a-la-maison-radieuse-de-reze-certains-habitants-ont-pu-rentrer-chez-eux-quatre","status":"publish","type":"post","link":"https:\/\/www.europesays.com\/fr\/639927\/","title":{"rendered":"Incendie \u00e0 la Maison radieuse de Rez\u00e9\u00a0: certains habitants ont pu rentrer chez eux, quatre"},"content":{"rendered":"<p>\u00c9meline a son enfant de 11 mois envelopp\u00e9 dans une couverture de survie. Les habitants \u00e9vacu\u00e9s de la Cit\u00e9 radieuse \u00e0 Rez\u00e9, observent l\u2019\u00e9paisse fum\u00e9e q<a href=\"https:\/\/nantes.maville.com\/actu\/actudet_-la-maison-radieuse-de-le-corbusier-a-70-ans-on-vit-dans-un-monument-historique-_52716-6717336_actu.Htm?\" target=\"_blank\" rel=\"noopener\">ui se d\u00e9gage du b\u00e2timent historique. <\/a><\/p>\n<p>Il compte 294 appartements et h\u00e9berge pr\u00e8s de 800 habitants.<\/p>\n<p><strong> <a href=\"https:\/\/nantes.maville.com\/actu\/actudet_--on-a-entendu-la-voix-d-un-homme-crier-le-corbusier-est-en-feu-les-habitants-evacues-temoignent-a-reze-_8-7130615_actu.Htm\" target=\"_blank\" rel=\"noopener\">LIRE AUSSI.<\/a> <\/strong> <a href=\"https:\/\/nantes.maville.com\/actu\/actudet_--on-a-entendu-la-voix-d-un-homme-crier-le-corbusier-est-en-feu-les-habitants-evacues-temoignent-a-reze-_8-7130615_actu.Htm\" target=\"_blank\" rel=\"noopener\"> \u00ab On a entendu la voix d\u2019un homme crier \u2019\u2019Le Corbusier est en feu\u2019\u2019 \u00bb : les habitants \u00e9vacu\u00e9s t\u00e9moignent \u00e0 Rez\u00e9<\/a><\/p>\n<p>\t<img decoding=\"async\" src=\"https:\/\/www.europesays.com\/fr\/wp-content\/uploads\/2026\/01\/P35669366D7130604G_px_640_.jpg\" alt=\"photo le feu a pris un appartement au septi\u00e8me \u00e9tage de la cit\u00e9 radieuse \u00e0 rez\u00e9 ce vendredi 2 janvier 2026.  \u00a9  photo ld\" width=\"640\" title=\" Le feu a pris un appartement au septi\u00e8me \u00e9tage de la Cit\u00e9 radieuse \u00e0 Rez\u00e9 ce vendredi 2 janvier 2026.   Photo LD \"\/><\/p>\n<p class=\"elmt-legende\"> Le feu a pris un appartement au septi\u00e8me \u00e9tage de la Cit\u00e9 radieuse \u00e0 Rez\u00e9 ce vendredi 2 janvier 2026.   Photo LD <\/p>\n<p>Difficult\u00e9s d\u2019intervention<\/p>\n<p>Vers 17 h 15, un incendie s\u2019est d\u00e9clar\u00e9 dans un appartement en duplex au 7e et 8e \u00e9tage. C\u2019est compliqu\u00e9 parce que nous sommes sur un appartement non traversant, soumis au vent d\u2019ouest, avec, \u00e0 l\u2019int\u00e9rieur une situation d\u2019incurie, c\u2019est-\u00e0-dire tr\u00e8s encombr\u00e9, confie sur place le lieutenant-colonel Stephan Dabas, responsable des recherches et cause incendie. Nous avons rencontr\u00e9 de grosses difficult\u00e9s pour intervenir \u00e0 l\u2019int\u00e9rieur, mais le feu est circonscrit. Quatre couloirs sont encore enfum\u00e9s. Selon les premiers \u00e9l\u00e9ments, la personne qui vit dans cet appartement, en location, pourrait \u00eatre atteinte du syndrome de Diog\u00e8ne. Ce trouble comportemental se manifeste par l\u2019accumulation d\u2019objets, la n\u00e9gligence de l\u2019hygi\u00e8ne et l\u2019isolement social. Elle a \u00e9t\u00e9 mise \u00e0 l\u2019abri chez des voisins.<\/p>\n<p>Le bilan non d\u00e9finitif (\u00e0 21 h 30) fait \u00e9tat de deux bless\u00e9s, sans gravit\u00e9 : une femme de 61 ans, transport\u00e9e au CHU et une femme de 70 ans dont l\u2019\u00e9tat n\u2019a pas n\u00e9cessit\u00e9 d\u2019hospitalisation.<\/p>\n<p><a href=\"https:\/\/nantes.maville.com\/actu\/actudet_-locataire-retrouvee-residents-reloges-ce-que-l-on-sait-de-l-incendie-qui-a-touche-la-maison-radieuse-du-corbusier-_52716-7130666_actu.Htm\" target=\"_blank\" rel=\"noopener\"> <strong>REPORTAGE<\/strong>. Locataire retrouv\u00e9e, r\u00e9sidents relog\u00e9s : ce que l\u2019on sait de l\u2019incendie qui a touch\u00e9 la Maison radieuse du Corbusier<\/a><\/p>\n<\/p>\n<p>Un centre d\u2019h\u00e9bergement d\u2019urgence provisoire<\/p>\n<p>31 v\u00e9hicules et 71pompiers sont engag\u00e9s sur cette intervention. Le feu a \u00e9t\u00e9 attaqu\u00e9 de l\u2019int\u00e9rieur par les pompiers et contr\u00f4l\u00e9 de l\u2019ext\u00e9rieur avec lance munie d\u2019un bras articul\u00e9. A 19 h, les foyers principaux ont \u00e9t\u00e9 \u00e9teints.<\/p>\n<p>?Une intervention de longue dur\u00e9e est pr\u00e9vue, selon le centre op\u00e9rationnel d\u00e9partemental d\u2019incendie et de secours \u00e0 21 h 30. Des habitants sont sans doute confin\u00e9s et ne peuvent pas sortir selon notre journaliste sur place. Ceux qui ont \u00e9t\u00e9 \u00e9vacu\u00e9s ne peuvent pas encore retrouver leur appartement.<\/p>\n<p>?Mise \u00e0 jour 22h05 : Les habitantes et habitants des rues 1 et 2 peuvent d\u00e9sormais regagner leur logement. Pour le reste de l\u2019immeuble, les pompiers continuent de v\u00e9rifier la toxicit\u00e9, pr\u00e9cise la mairie de Rez\u00e9.<\/p>\n<p>?Mise \u00e0 jour le 3 janvier \u00e0 00h10 : Les habitantes et habitants ont pu regagner leur logement except\u00e9 les quatre logements sinistr\u00e9s (dont celui incendi\u00e9). Leurs occupants, s\u2019\u00e9tant manifest\u00e9s, ont tous retrouv\u00e9 une solution de relogement. Un centre d\u2019h\u00e9bergement d\u2019urgence provisoire est \u00e9galement ouvert jusqu\u2019\u00e0 1h au gymnase Plancher, avec le concours de la Protection civile, assure la mairie.<\/p>\n<p><a href=\"https:\/\/nantes.maville.com\/actu\/actudet_-incendie-maison-radieuse-a-reze-cellule-de-crise-activee-200-personnes-ont-trouve-refuge-a-la-mairie-_8-7130671_actu.Htm\" target=\"_blank\" rel=\"noopener\"> <strong>LIRE AUSSI.<\/strong> Incendie Maison Radieuse \u00e0 Rez\u00e9 : cellule de crise activ\u00e9e, 200 personnes ont trouv\u00e9 refuge \u00e0 la mairie<\/a><\/p>\n<p>\t<img decoding=\"async\" src=\"https:\/\/www.europesays.com\/fr\/wp-content\/uploads\/2026\/01\/P35669367D7130604G_px_640_.jpg\" alt=\"photo le feu a pris un appartement au septi\u00e8me \u00e9tage de la cit\u00e9 radieuse \u00e0 rez\u00e9 ce vendredi 2 janvier 2026.  \u00a9  photo ld\" width=\"640\" title=\" Le feu a pris un appartement au septi\u00e8me \u00e9tage de la Cit\u00e9 radieuse \u00e0 Rez\u00e9 ce vendredi 2 janvier 2026.   Photo LD \"\/><\/p>\n<p class=\"elmt-legende\"> Le feu a pris un appartement au septi\u00e8me \u00e9tage de la Cit\u00e9 radieuse \u00e0 Rez\u00e9 ce vendredi 2 janvier 2026.   Photo LD <\/p>\n<p>Salle en mairie<\/p>\n<p>\t<img decoding=\"async\" src=\"https:\/\/www.europesays.com\/fr\/wp-content\/uploads\/2026\/01\/P35669368D7130604G_px_640_.jpg\" alt=\"photo vers 17 h 15, un incendie s\u2019est d\u00e9clar\u00e9 dans un appartement au 7e \u00e9tage. il n\u2019y aurait pas de victime, mais les pompiers effectuaient encore une reconnaissance vers 18 h 30  \u00a9  photo presse oc\u00e9an-thierry butzbach\" width=\"640\" title=\" Vers 17 h 15, un incendie s\u2019est d\u00e9clar\u00e9 dans un appartement au 7e \u00e9tage. Il n\u2019y aurait pas de victime, mais les pompiers effectuaient encore une reconnaissance vers 18 h 30   Photo Presse Oc\u00e9an-Thierry Butzbach \"\/><\/p>\n<p class=\"elmt-legende\"> Vers 17 h 15, un incendie s\u2019est d\u00e9clar\u00e9 dans un appartement au 7e \u00e9tage. Il n\u2019y aurait pas de victime, mais les pompiers effectuaient encore une reconnaissance vers 18 h 30   Photo Presse Oc\u00e9an-Thierry Butzbach <\/p>\n<p>La municipalit\u00e9 a ouvert une salle en mairie pour accueillir les personnes \u00e9vacu\u00e9es, alors que la nuit et le froid sont l\u00e0. Environ 200 y sont install\u00e9es. Une cellule de crise est activ\u00e9e<a href=\"https:\/\/nantes.maville.com\/actu\/actudet_-l-emblematique-maison-radieuse-de-le-corbusier-fete-ses-70-ans-_52716-6872359_actu.Htm\" target=\"_blank\" rel=\"noopener\">. La Maison Radieuse construite entre 1953 et 1955 \u00e0 Rez\u00e9, pr\u00e8s de Nantes, est la seconde des 5 Unit\u00e9s d\u2019Habitation r\u00e9alis\u00e9es par Le Corbusier<\/a>. Les travaux de restauration qui ont d\u00e9marr\u00e9 \u00e0 l\u2019automne 2022 devraient se terminer en 2027.<\/p>\n<p>\u00a0<\/p>\n","protected":false},"excerpt":{"rendered":"\u00c9meline a son enfant de 11 mois envelopp\u00e9 dans une couverture de survie. Les habitants \u00e9vacu\u00e9s de la&hellip;\n","protected":false},"author":2,"featured_media":639928,"comment_status":"","ping_status":"","sticky":false,"template":"","format":"standard","meta":{"footnotes":""},"categories":[2818],"tags":[1111,11,1777,674,1011,27,4021,1310,2846,2142,766,12,2636,34105,68579,25,3740,39377],"class_list":{"0":"post-639927","1":"post","2":"type-post","3":"status-publish","4":"format-standard","5":"has-post-thumbnail","7":"category-nantes","8":"tag-actu","9":"tag-actualites","10":"tag-eu","11":"tag-europe","12":"tag-fr","13":"tag-france","14":"tag-habitants","15":"tag-incendie","16":"tag-logements","17":"tag-maison","18":"tag-nantes","19":"tag-news","20":"tag-pays-de-la-loire","21":"tag-radieuse","22":"tag-rentrer","23":"tag-republique-francaise","24":"tag-reze","25":"tag-sinistres"},"share_on_mastodon":{"url":"https:\/\/pubeurope.com\/@fr\/115835763862284239","error":""},"_links":{"self":[{"href":"https:\/\/www.europesays.com\/fr\/wp-json\/wp\/v2\/posts\/639927","targetHints":{"allow":["GET"]}}],"collection":[{"href":"https:\/\/www.europesays.com\/fr\/wp-json\/wp\/v2\/posts"}],"about":[{"href":"https:\/\/www.europesays.com\/fr\/wp-json\/wp\/v2\/types\/post"}],"author":[{"embeddable":true,"href":"https:\/\/www.europesays.com\/fr\/wp-json\/wp\/v2\/users\/2"}],"replies":[{"embeddable":true,"href":"https:\/\/www.europesays.com\/fr\/wp-json\/wp\/v2\/comments?post=639927"}],"version-history":[{"count":0,"href":"https:\/\/www.europesays.com\/fr\/wp-json\/wp\/v2\/posts\/639927\/revisions"}],"wp:featuredmedia":[{"embeddable":true,"href":"https:\/\/www.europesays.com\/fr\/wp-json\/wp\/v2\/media\/639928"}],"wp:attachment":[{"href":"https:\/\/www.europesays.com\/fr\/wp-json\/wp\/v2\/media?parent=639927"}],"wp:term":[{"taxonomy":"category","embeddable":true,"href":"https:\/\/www.europesays.com\/fr\/wp-json\/wp\/v2\/categories?post=639927"},{"taxonomy":"post_tag","embeddable":true,"href":"https:\/\/www.europesays.com\/fr\/wp-json\/wp\/v2\/tags?post=639927"}],"curies":[{"name":"wp","href":"https:\/\/api.w.org\/{rel}","templated":true}]}}