{"id":639931,"date":"2026-01-04T07:59:09","date_gmt":"2026-01-04T07:59:09","guid":{"rendered":"https:\/\/www.europesays.com\/fr\/639931\/"},"modified":"2026-01-04T07:59:09","modified_gmt":"2026-01-04T07:59:09","slug":"a-bordeaux-des-patrouilles-mobilisees-pour-sanctionner-les-depots-sauvages-des-sapins-de-noel","status":"publish","type":"post","link":"https:\/\/www.europesays.com\/fr\/639931\/","title":{"rendered":"\u00c0 Bordeaux, des patrouilles mobilis\u00e9es pour sanctionner les d\u00e9p\u00f4ts sauvages des sapins de No\u00ebl"},"content":{"rendered":"<p class=\"intro \">Pass\u00e9 No\u00ebl, nombreux sont ceux qui ne savent pas quoi faire de leur sapin. S&rsquo;il est tentant de l&rsquo;abandonner sur le trottoir, cette solution de facilit\u00e9 est toutefois passible d\u2019une amende. \u00c0 Bordeaux, des patrouilles veillent \u00e0 ce que les habitants passent bien par les points de collectes r\u00e9partis dans les diff\u00e9rents quartier de la ville.<\/p>\n<p>Le <a href=\"https:\/\/www.europe1.fr\/emissions\/les-origines\/les-origines-du-pere-noel-4080976\" target=\"_blank\" rel=\"noopener\">P\u00e8re No\u00ebl<\/a> est pass\u00e9, les f\u00eates se terminent, et comme chaque ann\u00e9e, il faut se d\u00e9barrasser du sapin qui perd ses aiguilles et dont on ne sait pas toujours quoi faire. En particulier quand on habite en ville. Le jeter sur le trottoir n\u2019est vraiment pas une bonne id\u00e9e, cela peut m\u00eame vous co\u00fbter cher.<\/p>\n<p>    La suite apr\u00e8s cette publicit\u00e9<\/p>\n<p>    La suite apr\u00e8s cette publicit\u00e9<\/p>\n<p>Misant sur la pr\u00e9vention et la communication, la ville de <a href=\"https:\/\/www.europe1.fr\/dossiers\/bordeaux\" target=\"_blank\" rel=\"noopener\">Bordeaux<\/a> invite les habitants \u00e0 utiliser les dizaines de points de collecte dispos\u00e9s dans les diff\u00e9rents quartiers, et lutte contre les d\u00e9p\u00f4ts sauvages.\u00a0<\/p>\n<p>Une contravention de 135 euros\u00a0<\/p>\n<p>\u00ab\u00a0Je ne savais pas trop o\u00f9 le jeter, je me suis un peu renseign\u00e9. Et puis, j\u2019ai trouv\u00e9 cet endroit\u00a0\u00bb, explique Mathieu qui vient jeter son sapin dans l\u2019un de points de collecte de la ville. C\u2019est dans l\u2019un des 46 points de collecte, d\u00e9limit\u00e9s par de simples barri\u00e8res et install\u00e9s par la municipalit\u00e9 bordelaise, qu&rsquo;il vient jeter son sapin de No\u00ebl d\u00e9pouill\u00e9 de toutes ses d\u00e9corations. \u00ab\u00a0Je ne mets pas la poche poubelle, surtout pas, \u00e7a ne se composte pas. Pas de plastique ! Parce qu\u2019apr\u00e8s, cela demande encore du tri suppl\u00e9mentaire. Quand on fait le geste, on le fait \u00e0 fond. Chaque petit geste compte !\u00a0\u00bb, souligne-t-il.\u00a0<\/p>\n<p>\u00a0<\/p>\n<p>Parall\u00e8lement, la ville de Bordeaux mobilise ses agents pour sanctionner les d\u00e9p\u00f4ts sauvages. \u00ab\u00a0Nous avons mobilis\u00e9 l\u2019ensemble de nos \u00e9quipes, les charg\u00e9s de proximit\u00e9, la propret\u00e9, mais \u00e9galement la police municipale pour surveiller ces points l\u00e0, et faire en sorte de dissuader les d\u00e9p\u00f4ts sauvages. Notamment par le biais de la verbalisation qui pourrait \u00eatre faite par nos policiers municipaux, et en l\u2019occurrence une contravention de 135 euros pour un d\u00e9p\u00f4t illicite sur la voie publique\u00a0\u00bb, explique Marc Etcheverry, adjoint au maire, charg\u00e9 de la s\u00e9curit\u00e9.\u00a0<\/p>\n<p>\u00a0<\/p>\n<p>\u00ab\u00a0Donc c\u2019est bien le sapin nu que nous r\u00e9cup\u00e9rons sur ces espaces de collecte. Et merci de ne pas mettre de papier, tous les entourages, les protections du sapin, voire m\u00eame certains qui abusent un petit peu et qui laissent des guirlandes ou des d\u00e9corations\u00a0\u00bb, relate-t-il. Cette collecte va se prolonger jusqu\u2019au 1er f\u00e9vrier\u00a0dans ces lieux am\u00e9nag\u00e9s. Les sapins seront ensuite transform\u00e9s en compost.<\/p>\n","protected":false},"excerpt":{"rendered":"Pass\u00e9 No\u00ebl, nombreux sont ceux qui ne savent pas quoi faire de leur sapin. S&rsquo;il est tentant de&hellip;\n","protected":false},"author":2,"featured_media":639932,"comment_status":"","ping_status":"","sticky":false,"template":"","format":"standard","meta":{"footnotes":""},"categories":[2817],"tags":[1111,11,1997,1777,674,1011,27,12,2219,25],"class_list":{"0":"post-639931","1":"post","2":"type-post","3":"status-publish","4":"format-standard","5":"has-post-thumbnail","7":"category-bordeaux","8":"tag-actu","9":"tag-actualites","10":"tag-bordeaux","11":"tag-eu","12":"tag-europe","13":"tag-fr","14":"tag-france","15":"tag-news","16":"tag-nouvelle-aquitaine","17":"tag-republique-francaise"},"share_on_mastodon":{"url":"https:\/\/pubeurope.com\/@fr\/115835775474632553","error":""},"_links":{"self":[{"href":"https:\/\/www.europesays.com\/fr\/wp-json\/wp\/v2\/posts\/639931","targetHints":{"allow":["GET"]}}],"collection":[{"href":"https:\/\/www.europesays.com\/fr\/wp-json\/wp\/v2\/posts"}],"about":[{"href":"https:\/\/www.europesays.com\/fr\/wp-json\/wp\/v2\/types\/post"}],"author":[{"embeddable":true,"href":"https:\/\/www.europesays.com\/fr\/wp-json\/wp\/v2\/users\/2"}],"replies":[{"embeddable":true,"href":"https:\/\/www.europesays.com\/fr\/wp-json\/wp\/v2\/comments?post=639931"}],"version-history":[{"count":0,"href":"https:\/\/www.europesays.com\/fr\/wp-json\/wp\/v2\/posts\/639931\/revisions"}],"wp:featuredmedia":[{"embeddable":true,"href":"https:\/\/www.europesays.com\/fr\/wp-json\/wp\/v2\/media\/639932"}],"wp:attachment":[{"href":"https:\/\/www.europesays.com\/fr\/wp-json\/wp\/v2\/media?parent=639931"}],"wp:term":[{"taxonomy":"category","embeddable":true,"href":"https:\/\/www.europesays.com\/fr\/wp-json\/wp\/v2\/categories?post=639931"},{"taxonomy":"post_tag","embeddable":true,"href":"https:\/\/www.europesays.com\/fr\/wp-json\/wp\/v2\/tags?post=639931"}],"curies":[{"name":"wp","href":"https:\/\/api.w.org\/{rel}","templated":true}]}}