{"id":639943,"date":"2026-01-04T08:06:14","date_gmt":"2026-01-04T08:06:14","guid":{"rendered":"https:\/\/www.europesays.com\/fr\/639943\/"},"modified":"2026-01-04T08:06:14","modified_gmt":"2026-01-04T08:06:14","slug":"lyon-les-hcl-vont-ouvrir-lhopital-du-futur-en-janvier-2026-decouvrez-le","status":"publish","type":"post","link":"https:\/\/www.europesays.com\/fr\/639943\/","title":{"rendered":"Lyon. Les HCL vont ouvrir l&rsquo;h\u00f4pital du futur en janvier 2026, d\u00e9couvrez-le"},"content":{"rendered":"<p>                    Par<br \/>\n        <strong><br \/>\n            <a href=\"https:\/\/actu.fr\/auteur\/emma-ressegaire\" title=\"Consulter tous les articles de Emma Ressegaire\" target=\"_blank\" rel=\"noopener\">Emma Ressegaire<\/a><br \/>\n                    <\/strong><\/p>\n<p>        Publi\u00e9 le<\/p>\n<p>            4 janv. 2026 \u00e0 6h52        <\/p>\n<p>\u00ab\u00a0L\u2019h\u00f4pital de demain est d\u00e9sormais une r\u00e9alit\u00e9\u00a0\u00bb.<\/p>\n<p class=\" wall-content\"><strong>Les Hospices Civils de Lyon (HCL)<\/strong> ont annonc\u00e9 l\u2019ouverture prochaine, durant ce mois de janvier 2026, de la 3e \u00e9tape du projet BAUR\u00e9aLS (Bloc Accueil Urgence R\u00e9animation Lyon Sud).\u00a0<\/p>\n<p class=\" wall-content\">D\u00e9sormais, les patients en chirurgie, radiologie interventionnelle, endoscopie et r\u00e9animation de l\u2019h\u00f4pital Lyon Sud (situ\u00e9 \u00e0 Saint-Genis-Laval) seront accueillis dans <strong>un b\u00e2timent flambant neuf dot\u00e9 des technologies les plus avanc\u00e9es<\/strong>. Celui-ci permettra de recentrer une grande partie des activit\u00e9s interventionnelles et de chirurgie de l\u2019h\u00f4pital (auparavant diss\u00e9min\u00e9es sur 6 sites et aujourd\u2019hui sur 3).\u00a0<\/p>\n<p>    <img   decoding=\"async\" loading=\"lazy\" src=\"https:\/\/www.europesays.com\/fr\/wp-content\/uploads\/2026\/01\/michel-remon-associes-1-960x640.png\" alt=\"BAUreaLS est un projet ambitieux des HCL poru moderniser le milieu hospitalier et am\u00e9liorer les conditions de travail des soignants.\" width=\"960\" height=\"640\"\/><br \/>\n    BAUreaLS est un projet ambitieux des HCL poru moderniser le milieu hospitalier et am\u00e9liorer les conditions de travail des soignants. (\u00a9Michel R\u00e9mon &amp; Associ\u00e9s)16 nouvelles salles op\u00e9ratoires<\/p>\n<p class=\" wall-content\">Les nouveaux locaux h\u00e9bergeront :\u00a0<\/p>\n<ul class=\" wall-content\">\n<li>16 nouvelles salles op\u00e9ratoires de nouvelle g\u00e9n\u00e9ration (dont 2 salles de chirurgie d\u2019urgence et 2 salles de radiologie interventionnelle) pour les activit\u00e9s suivantes : chirurgie orthop\u00e9dique, endoscopie digestive, ophtalmologie, ORL, chirurgie digestive et maxillo-faciale.\u00a0<\/li>\n<li><strong>24 postes de r\u00e9veil.<\/strong><\/li>\n<li>Une unit\u00e9 de chirurgie ambulatoire et d\u2019accueil le jour de la chirurgie associ\u00e9e de 20 places.\u00a0<\/li>\n<li><strong>Une unit\u00e9 de soins critiques avec 30 lits de r\u00e9animation.\u00a0<\/strong><\/li>\n<li>Le G\u00e9olab, une plateforme logistique robotis\u00e9e de toute derni\u00e8re g\u00e9n\u00e9ration d\u00e9ploy\u00e9e pour la premi\u00e8re fois en France.<\/li>\n<\/ul>\n<p class=\" wall-content\">\u00c0 noter qu\u2019avec ces nouveaux locaux, les HCL mises sur une technologie de pointe et les \u00e9quipements innovants avec notamment l\u2019ajout <strong>d\u2019un scanner spectral de derni\u00e8re g\u00e9n\u00e9ration.<\/strong><\/p>\n<p>Votre r\u00e9gion, votre actu !<\/p>\n<p>Recevez chaque jour les infos qui comptent pour vous.<\/p>\n<p>\t<a href=\"https:\/\/actu.fr\/newsletter\" class=\"ac-btn ac-btn--corner ac-btn--medium ac-btn--blue800\" target=\"_blank\" rel=\"noopener\">S&rsquo;incrire<\/a><\/p>\n<p>    <img   decoding=\"async\" loading=\"lazy\" src=\"https:\/\/www.europesays.com\/fr\/wp-content\/uploads\/2026\/01\/michel-remon-associes-960x640.png\" alt=\"Les HCL vont ouvrir un nouveau b\u00e2timent, \u00e0 l'h\u00f4pital Lyon Sud, dot\u00e9 d'\u00e9quipements \u00e0 la pointe de la technologie\" width=\"960\" height=\"640\"\/><br \/>\n    Les HCL vont ouvrir un nouveau b\u00e2timent, \u00e0 l\u2019h\u00f4pital Lyon Sud, dot\u00e9 d\u2019\u00e9quipements \u00e0 la pointe de la technologie (\u00a9Michel Re\u0301mon &amp; Associe\u0301s)Le calendrier des ouvertures progressives<\/p>\n<ul class=\" wall-content\">\n<li>7 janvier 2026 : <strong>ouverture de l\u2019unit\u00e9 de soins critiques avec 30 lits de r\u00e9animation.\u00a0<\/strong><\/li>\n<li>\u00a015 janvier : ouverture de l\u2019unit\u00e9 de chirurgie ambulatoire et d\u2019accueil le jour de la chirurgie associ\u00e9e \/ 1er premier patient op\u00e9r\u00e9 dans les nouveaux blocs op\u00e9ratoires + 1er patient en endoscopie \/ D\u00e9marrage de l\u2019activit\u00e9 du G\u00e9olab.<\/li>\n<li>\u00a022 janvier : ouverture des blocs de chirurgie digestive<\/li>\n<li>\u00a029 janvier : ouverture des blocs de chirurgie d\u2019urgence, orthop\u00e9dique et maxillo-faciale, ainsi que des deux blocs de radiologie interventionnelle.<\/li>\n<li>2 f\u00e9vrier : fonctionnement plein et entier de l\u2019activit\u00e9 des blocs et des soins critiques.\u00a0<\/li>\n<\/ul>\n<p>    <img   decoding=\"async\" loading=\"lazy\" src=\"https:\/\/www.europesays.com\/fr\/wp-content\/uploads\/2026\/01\/hcl-960x618.png\" alt=\"Le G\u00e9olab est une plateforme logistique robotis\u00e9e unique en France permettant de centraliser tous les flux logistiques de l\u2019activit\u00e9 op\u00e9ratoire.\" width=\"960\" height=\"618\"\/><br \/>\n    Le G\u00e9olab est une plateforme logistique robotis\u00e9e unique en France permettant de centraliser tous les flux logistiques de l\u2019activit\u00e9 op\u00e9ratoire. (\u00a9HCL)BAUR\u00e9aLS, un projet unique<\/p>\n<p class=\" wall-content\">Pour rappel, BAUR\u00e9aLS est un projet tr\u00e8s ambitieux men\u00e9 par les HCL qui a co\u00fbt\u00e9 <strong>un investissement total de 175 millions d\u2019euros<\/strong>. Il s\u2019agit \u00ab\u00a0d\u2019une refonte compl\u00e8te du plateau technique op\u00e9ratoire et de soins critiques, d\u2019une modernisation majeure du service des urgences, d\u2019une automatisation de la cha\u00eene logistique op\u00e9ratoire et de l\u2019int\u00e9gration d\u2019\u00e9quipements parmi les plus avanc\u00e9s\u00a0\u00bb, d\u00e9taille les HCL dans un communiqu\u00e9.<\/p>\n<p class=\" wall-content\">Les objectifs \u00e9tant de r\u00e9pondre \u00e0 l\u2019augmentation du nombre de patients, aux exigences de qualit\u00e9 et aux conditions de travail des professionnels.<\/p>\n<p class=\" wall-content\">Personnalisez votre actualit\u00e9 en ajoutant vos villes et m\u00e9dias en favori avec <a href=\"https:\/\/moncompte.actu.fr\" title=\"D\u00e9couvez Mon Actu\" rel=\"nofollow noopener\" data-trk=\"{&quot;cta&quot;:{&quot;action&quot;:&quot;https:\\\/\\\/moncompte.actu.fr&quot;,&quot;category&quot;:&quot;mon compte&quot;,&quot;from&quot;:&quot;article footer&quot;,&quot;name&quot;:&quot;Mon actu&quot;,&quot;type&quot;:&quot;cta&quot;}}\" target=\"_blank\">Mon Actu<\/a>.<\/p>\n","protected":false},"excerpt":{"rendered":"Par Emma Ressegaire Publi\u00e9 le 4 janv. 2026 \u00e0 6h52 \u00ab\u00a0L\u2019h\u00f4pital de demain est d\u00e9sormais une r\u00e9alit\u00e9\u00a0\u00bb. Les&hellip;\n","protected":false},"author":2,"featured_media":639944,"comment_status":"","ping_status":"","sticky":false,"template":"","format":"standard","meta":{"footnotes":""},"categories":[1889],"tags":[1111,11,2430,1777,674,1011,27,100,23742,2428,12,25,104],"class_list":{"0":"post-639943","1":"post","2":"type-post","3":"status-publish","4":"format-standard","5":"has-post-thumbnail","7":"category-lyon","8":"tag-actu","9":"tag-actualites","10":"tag-auvergne-rhone-alpes","11":"tag-eu","12":"tag-europe","13":"tag-fr","14":"tag-france","15":"tag-hopital","16":"tag-hospices-civils-de-lyon-hcl","17":"tag-lyon","18":"tag-news","19":"tag-republique-francaise","20":"tag-societe"},"share_on_mastodon":{"url":"https:\/\/pubeurope.com\/@fr\/115835803103271612","error":""},"_links":{"self":[{"href":"https:\/\/www.europesays.com\/fr\/wp-json\/wp\/v2\/posts\/639943","targetHints":{"allow":["GET"]}}],"collection":[{"href":"https:\/\/www.europesays.com\/fr\/wp-json\/wp\/v2\/posts"}],"about":[{"href":"https:\/\/www.europesays.com\/fr\/wp-json\/wp\/v2\/types\/post"}],"author":[{"embeddable":true,"href":"https:\/\/www.europesays.com\/fr\/wp-json\/wp\/v2\/users\/2"}],"replies":[{"embeddable":true,"href":"https:\/\/www.europesays.com\/fr\/wp-json\/wp\/v2\/comments?post=639943"}],"version-history":[{"count":0,"href":"https:\/\/www.europesays.com\/fr\/wp-json\/wp\/v2\/posts\/639943\/revisions"}],"wp:featuredmedia":[{"embeddable":true,"href":"https:\/\/www.europesays.com\/fr\/wp-json\/wp\/v2\/media\/639944"}],"wp:attachment":[{"href":"https:\/\/www.europesays.com\/fr\/wp-json\/wp\/v2\/media?parent=639943"}],"wp:term":[{"taxonomy":"category","embeddable":true,"href":"https:\/\/www.europesays.com\/fr\/wp-json\/wp\/v2\/categories?post=639943"},{"taxonomy":"post_tag","embeddable":true,"href":"https:\/\/www.europesays.com\/fr\/wp-json\/wp\/v2\/tags?post=639943"}],"curies":[{"name":"wp","href":"https:\/\/api.w.org\/{rel}","templated":true}]}}