{"id":639961,"date":"2026-01-04T08:16:15","date_gmt":"2026-01-04T08:16:15","guid":{"rendered":"https:\/\/www.europesays.com\/fr\/639961\/"},"modified":"2026-01-04T08:16:15","modified_gmt":"2026-01-04T08:16:15","slug":"apres-la-capture-de-nicolas-maduro-les-etats-unis-menacent-ouvertement-cuba-et-la-colombie","status":"publish","type":"post","link":"https:\/\/www.europesays.com\/fr\/639961\/","title":{"rendered":"apr\u00e8s la capture de Nicolas Maduro, les \u00c9tats-Unis menacent ouvertement Cuba et la Colombie"},"content":{"rendered":"<p class=\"article-p mdl\">Et si l&rsquo;<a class=\"link\" href=\"https:\/\/www.rtl.fr\/actu\/international\/fortes-explosions-a-caracas-le-venezuela-denonce-une-tres-grave-agression-militaire-des-etats-unis-7900584248\" title=\"Fortes explosions \u00e0 Caracas : le Venezuela d\u00e9nonce une &quot;tr\u00e8s grave agression militaire&quot; des \u00c9tats-Unis\" target=\"_blank\" rel=\"noopener\">attaque am\u00e9ricaine au Venezuela<\/a>\u00a0n&rsquo;\u00e9tait que la premi\u00e8re \u00e9tape d&rsquo;une strat\u00e9gie plus large qui pourrait concerner d&rsquo;autres pays d&rsquo;Am\u00e9rique latine ? C&rsquo;est la question que se posent de nombreux sp\u00e9cialistes en g\u00e9opolitique, au lendemain de la\u00a0<a class=\"link\" href=\"https:\/\/www.rtl.fr\/actu\/international\/venezuela-donald-trump-publie-une-photo-de-nicol-s-maduro-menotte-un-masque-sur-les-yeux-7900584326\" title=\"Venezuela : Donald Trump publie une photo de Nicol\u00e1s Maduro menott\u00e9, un masque sur les yeux\" target=\"_blank\" rel=\"noopener\">capture de Nicolas Maduro<\/a>\u00a0par les \u00c9tats-Unis, samedi 3 janvier, \u00e0 Caracas.<\/p>\n<p class=\"article-p mdl\">Les propos des dirigeants am\u00e9ricains laissent planer le doute sur les intentions de l&rsquo;administration Trump. Samedi, Marco Rubio, secr\u00e9taire d&rsquo;\u00c9tat am\u00e9ricain, l&rsquo;\u00e9quivalent du ministre des Affaires \u00e9trang\u00e8res en France, a directement cibl\u00e9 Cuba.<\/p>\n<p class=\"article-p mdl\">\u00ab\u00a0Si je vivais \u00e0 La Havane et que je faisais partie du gouvernement, je serais au moins un peu inquiet\u00a0\u00bb, a-t-il indiqu\u00e9 lors d&rsquo;une conf\u00e9rence de presse en Floride, aux c\u00f4t\u00e9s de Donald Trump. \u00ab\u00a0Cuba est une catastrophe\u00a0\u00bb et est \u00ab\u00a0dirig\u00e9 par des hommes incomp\u00e9tents et s\u00e9niles\u00a0\u00bb, a-t-il ajout\u00e9.<\/p>\n<p>            \u00ab\u00a0On peut s&rsquo;attendre \u00e0 une r\u00e9ponse des pays latino-am\u00e9ricains\u00a0\u00bb<\/p>\n<p class=\"article-p mdl\">Lors de\u00a0<a class=\"link\" href=\"https:\/\/www.rtl.fr\/actu\/international\/venezuela-libre-une-operation-meticuleuse-ce-qu-il-faut-retenir-de-la-prise-de-parole-de-donald-trump-sur-la-capture-de-nicolas-maduro-7900584329\" title=\"&quot;Make Venezuela great again&quot; : ce qu&#039;il faut retenir de la conf\u00e9rence de Donald Trump apr\u00e8s la &quot;capture&quot; de Maduro\" target=\"_blank\" rel=\"noopener\">la m\u00eame conf\u00e9rence de presse<\/a>, Donald Trump a, lui aussi, menac\u00e9 un autre pays d&rsquo;Am\u00e9rique latine, la Colombie en l&rsquo;occurrence. Il a conseill\u00e9 au pr\u00e9sident colombien, Gustavo Petro, de \u00ab\u00a0faire gaffe \u00e0 ses fesses\u00a0\u00bb, apr\u00e8s la\u00a0<a class=\"link\" href=\"https:\/\/www.rtl.fr\/actu\/international\/venezuela-ancien-chauffeur-de-bus-heritier-de-ch-vez-qui-est-nicol-s-maduro-le-president-capture-par-les-etats-unis-7900584311\" title=\"Venezuela : ancien chauffeur de bus, h\u00e9ritier de Ch\u00e1vez\u2026 qui est Nicol\u00e1s Maduro, le pr\u00e9sident captur\u00e9 par les \u00c9tats-Unis ?\" target=\"_blank\" rel=\"noopener\">capture de Nicolas Maduro<\/a>.<\/p>\n<p class=\"article-p mdl\">\u00ab\u00a0Il poss\u00e8de des usines o\u00f9 il fabrique de la coca\u00efne. (&#8230;) Il fabrique de la coca\u00efne et l&rsquo;exp\u00e9die aux \u00c9tats-Unis, donc il doit vraiment faire gaffe \u00e0 ses fesses\u00a0\u00bb, a expliqu\u00e9 le pr\u00e9sident am\u00e9ricain. R\u00e9cemment, dans le cadre de son plan de lutte contre le narcotrafic, Donald Trump avait indiqu\u00e9 qu\u2019il n&rsquo;excluait pas de frapper des laboratoires de production de drogue sur le territoire colombien, ce que Gustavo Petro a qualifi\u00e9 de menace d&rsquo;invasion.<\/p>\n<p class=\"article-p mdl\">Au micro de RTL, Gaspard Estrada, directeur ex\u00e9cutif de l&rsquo;Observatoire politique de l&rsquo;Am\u00e9rique latine et des Cara\u00efbes (OPALC) \u00e0 Sciences Po, rappelle que \u00ab\u00a0les dirigeants des pays limitrophes du Venezuela ont condamn\u00e9 de mani\u00e8re ferme les agissements du gouvernement am\u00e9ricain.\u00a0\u00bb<\/p>\n<p class=\"article-p mdl\">\u00ab\u00a0On peut donc s&rsquo;attendre, compte tenu des \u00e9l\u00e9ments exprim\u00e9s par Donald Trump en ce qui concerne le futur du Venezuela et de l&rsquo;exploitation de ses ressources p\u00e9troli\u00e8res, \u00e0 ce qu&rsquo;il y ait une r\u00e9ponse des pays latino-am\u00e9ricains\u00a0\u00bb, estime l&rsquo;universitaire.<\/p>\n<p>    L&rsquo;\u00e9quipe de l&rsquo;\u00e9mission vous recommande<\/p>\n<p class=\"s-newsletter__title\">\n                L\u2019actualit\u00e9 par la r\u00e9daction de RTL dans votre bo\u00eete mail.\n            <\/p>\n<p class=\"s-newsletter__subtitle\">\n                Gr\u00e2ce \u00e0 votre compte RTL abonnez-vous \u00e0 la newsletter RTL info pour suivre toute l&rsquo;actualit\u00e9 au quotidien\n            <\/p>\n<p>\n                                    Lire la suite\n                                <\/p>\n","protected":false},"excerpt":{"rendered":"Et si l&rsquo;attaque am\u00e9ricaine au Venezuela\u00a0n&rsquo;\u00e9tait que la premi\u00e8re \u00e9tape d&rsquo;une strat\u00e9gie plus large qui pourrait concerner d&rsquo;autres&hellip;\n","protected":false},"author":2,"featured_media":639962,"comment_status":"","ping_status":"","sticky":false,"template":"","format":"standard","meta":{"footnotes":""},"categories":[1589],"tags":[11,9395,19551,75,73,1866,107,12,338,1864,1865,1863,308,337],"class_list":{"0":"post-639961","1":"post","2":"type-post","3":"status-publish","4":"format-standard","5":"has-post-thumbnail","7":"category-etats-unis","8":"tag-actualites","9":"tag-colombie","10":"tag-cuba","11":"tag-donald-trump","12":"tag-etats-unis","13":"tag-etats-unis-damerique","14":"tag-fil-info","15":"tag-news","16":"tag-nicolas-maduro","17":"tag-united-states","18":"tag-united-states-of-america","19":"tag-us","20":"tag-usa","21":"tag-venezuela"},"share_on_mastodon":{"url":"https:\/\/pubeurope.com\/@fr\/115835842305390978","error":""},"_links":{"self":[{"href":"https:\/\/www.europesays.com\/fr\/wp-json\/wp\/v2\/posts\/639961","targetHints":{"allow":["GET"]}}],"collection":[{"href":"https:\/\/www.europesays.com\/fr\/wp-json\/wp\/v2\/posts"}],"about":[{"href":"https:\/\/www.europesays.com\/fr\/wp-json\/wp\/v2\/types\/post"}],"author":[{"embeddable":true,"href":"https:\/\/www.europesays.com\/fr\/wp-json\/wp\/v2\/users\/2"}],"replies":[{"embeddable":true,"href":"https:\/\/www.europesays.com\/fr\/wp-json\/wp\/v2\/comments?post=639961"}],"version-history":[{"count":0,"href":"https:\/\/www.europesays.com\/fr\/wp-json\/wp\/v2\/posts\/639961\/revisions"}],"wp:featuredmedia":[{"embeddable":true,"href":"https:\/\/www.europesays.com\/fr\/wp-json\/wp\/v2\/media\/639962"}],"wp:attachment":[{"href":"https:\/\/www.europesays.com\/fr\/wp-json\/wp\/v2\/media?parent=639961"}],"wp:term":[{"taxonomy":"category","embeddable":true,"href":"https:\/\/www.europesays.com\/fr\/wp-json\/wp\/v2\/categories?post=639961"},{"taxonomy":"post_tag","embeddable":true,"href":"https:\/\/www.europesays.com\/fr\/wp-json\/wp\/v2\/tags?post=639961"}],"curies":[{"name":"wp","href":"https:\/\/api.w.org\/{rel}","templated":true}]}}