{"id":639965,"date":"2026-01-04T08:18:11","date_gmt":"2026-01-04T08:18:11","guid":{"rendered":"https:\/\/www.europesays.com\/fr\/639965\/"},"modified":"2026-01-04T08:18:11","modified_gmt":"2026-01-04T08:18:11","slug":"la-grande-panne-industrielle-derriere-le-paravent-climatique","status":"publish","type":"post","link":"https:\/\/www.europesays.com\/fr\/639965\/","title":{"rendered":"la grande panne industrielle derri\u00e8re le paravent climatique"},"content":{"rendered":"<p>Depuis plusieurs ann\u00e9es, l\u2019\u00e9conomie allemande donne des signes de faiblesse que les discours officiels peinent de plus en plus \u00e0 masquer. Derri\u00e8re les annonces sur la \u00ab transition verte \u00bb, la \u00ab neutralit\u00e9 technologique \u00bb ou la n\u00e9cessaire adaptation climatique, c\u2019est une r\u00e9alit\u00e9 bien plus brutale qui s\u2019impose :\u00a0<strong>l\u2019appareil productif allemand s\u2019enfonce dans une crise durable<\/strong>, sans pr\u00e9c\u00e9dent depuis l\u2019apr\u00e8s-guerre.<\/p>\n<p>L\u2019Allemagne entre aujourd\u2019hui dans sa\u00a0<strong>huiti\u00e8me ann\u00e9e cons\u00e9cutive de contraction industrielle<\/strong>. La valeur ajout\u00e9e recule, la productivit\u00e9 stagne ou baisse, et le ch\u00f4mage progresse, parfois dissimul\u00e9 derri\u00e8re des dispositifs publics, des emplois subventionn\u00e9s ou un recours massif \u00e0 l\u2019endettement. Cette fuite en avant budg\u00e9taire ne parvient plus \u00e0 dissimuler l\u2019essentiel : le c\u0153ur industriel du pays se d\u00e9lite.<\/p>\n<p>Une d\u00e9sindustrialisation d\u00e9sormais assum\u00e9e<\/p>\n<p>Longtemps pr\u00e9sent\u00e9e comme une adaptation temporaire ou une \u00ab transformation n\u00e9cessaire \u00bb, la d\u00e9sindustrialisation allemande prend d\u00e9sormais la forme d\u2019un effondrement structurel. \u00c0 l\u2019horizon de la fin 2025,\u00a0<strong>plus de 24 000 entreprises auront disparu<\/strong>, emportant avec elles des centaines de milliers d\u2019emplois industriels. Des noms embl\u00e9matiques de la production allemande ont d\u00e9j\u00e0 disparu du paysage, victimes d\u2019une politique \u00e9nerg\u00e9tique et r\u00e9glementaire devenue hostile \u00e0 toute activit\u00e9 productive lourde.<\/p>\n<p>Ce mouvement n\u2019est pas accidentel. Il est le produit d\u2019un choix politique assum\u00e9 :\u00a0<strong>soumettre l\u2019\u00e9conomie r\u00e9elle \u00e0 une id\u00e9ologie climatique rigide<\/strong>, largement dict\u00e9e par les orientations europ\u00e9ennes et relay\u00e9e sans esprit critique par les \u00e9lites berlinoises.<\/p>\n<p>L\u2019\u00e9nergie comme instrument de contrainte<\/p>\n<p>Le tournant d\u00e9cisif fut \u00e9nerg\u00e9tique. Sortie du nucl\u00e9aire, rupture brutale avec le gaz russe bon march\u00e9, d\u00e9pendance accrue \u00e0 des \u00e9nergies intermittentes massivement subventionn\u00e9es : le syst\u00e8me \u00e9nerg\u00e9tique allemand a \u00e9t\u00e9 m\u00e9thodiquement fragilis\u00e9. Il ne tient plus que sous perfusion publique.<\/p>\n<p>Ce mod\u00e8le, incapable de fonctionner selon des r\u00e8gles de march\u00e9, impose des co\u00fbts explosifs \u00e0 l\u2019industrie. L\u2019\u00e9lectricit\u00e9 ch\u00e8re, instable et fiscalis\u00e9e agit comme un imp\u00f4t d\u00e9guis\u00e9 sur la production. R\u00e9sultat : les entreprises ferment, d\u00e9localisent ou renoncent \u00e0 investir.<\/p>\n<p>L\u2019hydrog\u00e8ne, symbole d\u2019une fuite en avant<\/p>\n<p>Face aux d\u00e9g\u00e2ts caus\u00e9s par cette politique, l\u2019\u00c9tat allemand a r\u00e9pondu par\u2026 davantage d\u2019intervention. La strat\u00e9gie hydrog\u00e8ne illustre parfaitement ce m\u00e9canisme. Pr\u00e9sent\u00e9e comme la solution miracle destin\u00e9e \u00e0 remplacer charbon, gaz et p\u00e9trole, elle s\u2019est transform\u00e9e en\u00a0<strong>puits financier sans d\u00e9bouch\u00e9s r\u00e9els<\/strong>.<\/p>\n<p>Plusieurs milliards d\u2019euros ont d\u00e9j\u00e0 \u00e9t\u00e9 engag\u00e9s, sans qu\u2019un v\u00e9ritable march\u00e9 ne se structure. M\u00eame le\u00a0<strong>Cour f\u00e9d\u00e9rale des comptes allemande<\/strong>, pourtant peu encline aux critiques politiques, a r\u00e9cemment reconnu que les objectifs affich\u00e9s \u00e9taient hors de port\u00e9e. L\u2019hydrog\u00e8ne reste co\u00fbteux, marginal et inadapt\u00e9 aux besoins industriels actuels.<\/p>\n<p>Dans ce contexte, le silence du monde \u00e9conomique est frappant. Les petites entreprises subissent sans voix, tandis que les grands groupes, largement d\u00e9pendants des aides publiques, ont int\u00e9gr\u00e9 le syst\u00e8me. La contestation a c\u00e9d\u00e9 la place \u00e0 l\u2019adaptation forc\u00e9e. La politique prime sur l\u2019\u00e9conomie, et chacun en paie le prix.<\/p>\n<p>Symbole gla\u00e7ant de cette d\u00e9rive : la c\u00e9l\u00e9bration militante de la fermeture de centrales nucl\u00e9aires parfaitement fonctionnelles. Une mise en sc\u00e8ne id\u00e9ologique, d\u00e9connect\u00e9e des r\u00e9alit\u00e9s sociales et industrielles, r\u00e9v\u00e9latrice d\u2019une rupture profonde entre d\u00e9cideurs, activistes subventionn\u00e9s et monde du travail.<\/p>\n<p>Des ressources ignor\u00e9es, une industrie sacrifi\u00e9e<\/p>\n<p>Le paradoxe est total. L\u2019Allemagne dispose de ressources \u00e9nerg\u00e9tiques importantes \u2013 gaz conventionnel, gaz de schiste, charbon \u2013 qu\u2019elle refuse d\u2019exploiter au nom de principes abstraits. M\u00eame en situation de p\u00e9nurie, le d\u00e9bat reste verrouill\u00e9. \u00c0 l\u2019exception de quelques voix dissidentes, aucune force politique majeure n\u2019ose remettre en cause le dogme dominant.<\/p>\n<p>Pendant ce temps, l\u2019industrie s\u2019effondre, entra\u00eenant avec elle l\u2019ensemble de l\u2019\u00e9conomie. Car la prosp\u00e9rit\u00e9 allemande a toujours repos\u00e9 sur sa puissance productive. Sans industrie, il n\u2019y a ni mod\u00e8le social, ni finances publiques solides, ni souverainet\u00e9 \u00e9conomique.<\/p>\n<p>Ni retour pragmatique \u00e0 des approvisionnements \u00e9nerg\u00e9tiques comp\u00e9titifs, ni relance du nucl\u00e9aire, ni r\u00e9vision s\u00e9rieuse de la strat\u00e9gie climatique :\u00a0<strong>aucun plan B cr\u00e9dible n\u2019est sur la table<\/strong>. L\u2019id\u00e9ologie continue de guider les d\u00e9cisions, malgr\u00e9 ses effets destructeurs.<\/p>\n<p>L\u2019histoire jugera peut-\u00eatre s\u00e9v\u00e8rement ce moment o\u00f9 un pays industriel majeur a choisi de sacrifier son \u00e9conomie r\u00e9elle sur l\u2019autel d\u2019une transformation verte largement artificielle. En attendant, la facture s\u2019alourdit, et ce sont les g\u00e9n\u00e9rations futures qui en h\u00e9riteront.<\/p>\n<p>Cr\u00e9dit photo : DR<br \/>[cc] Article r\u00e9dig\u00e9 par la r\u00e9daction de breizh-info.com et relu et corrig\u00e9 (orthographe, syntaxe) par une intelligence artificielle. Breizh-info.com, 2026, d\u00e9p\u00eaches libres de copie et de diffusion sous r\u00e9serve de mention obligatoire et de lien do follow vers la source d\u2019origine.<\/p>\n","protected":false},"excerpt":{"rendered":"Depuis plusieurs ann\u00e9es, l\u2019\u00e9conomie allemande donne des signes de faiblesse que les discours officiels peinent de plus en&hellip;\n","protected":false},"author":2,"featured_media":75720,"comment_status":"","ping_status":"","sticky":false,"template":"","format":"standard","meta":{"footnotes":""},"categories":[1587],"tags":[11,672,1804,1805,29468,1803,30559,1777,674,843,1801,7133,74649,693,12,5654,45007,1802,74650],"class_list":{"0":"post-639965","1":"post","2":"type-post","3":"status-publish","4":"format-standard","5":"has-post-thumbnail","7":"category-allemagne","8":"tag-actualites","9":"tag-allemagne","10":"tag-bundesrepublik-deutschland","11":"tag-de","12":"tag-desindustrialisation","13":"tag-deutschland","14":"tag-economie-europeenne","15":"tag-eu","16":"tag-europe","17":"tag-gaz","18":"tag-germany","19":"tag-hydrogene","20":"tag-ideologie-verte","21":"tag-industrie","22":"tag-news","23":"tag-nucleaire","24":"tag-politique-energetique","25":"tag-republique-federale-dallemagne","26":"tag-transition-climatique"},"share_on_mastodon":{"url":"https:\/\/pubeurope.com\/@fr\/115835850251570489","error":""},"_links":{"self":[{"href":"https:\/\/www.europesays.com\/fr\/wp-json\/wp\/v2\/posts\/639965","targetHints":{"allow":["GET"]}}],"collection":[{"href":"https:\/\/www.europesays.com\/fr\/wp-json\/wp\/v2\/posts"}],"about":[{"href":"https:\/\/www.europesays.com\/fr\/wp-json\/wp\/v2\/types\/post"}],"author":[{"embeddable":true,"href":"https:\/\/www.europesays.com\/fr\/wp-json\/wp\/v2\/users\/2"}],"replies":[{"embeddable":true,"href":"https:\/\/www.europesays.com\/fr\/wp-json\/wp\/v2\/comments?post=639965"}],"version-history":[{"count":0,"href":"https:\/\/www.europesays.com\/fr\/wp-json\/wp\/v2\/posts\/639965\/revisions"}],"wp:featuredmedia":[{"embeddable":true,"href":"https:\/\/www.europesays.com\/fr\/wp-json\/wp\/v2\/media\/75720"}],"wp:attachment":[{"href":"https:\/\/www.europesays.com\/fr\/wp-json\/wp\/v2\/media?parent=639965"}],"wp:term":[{"taxonomy":"category","embeddable":true,"href":"https:\/\/www.europesays.com\/fr\/wp-json\/wp\/v2\/categories?post=639965"},{"taxonomy":"post_tag","embeddable":true,"href":"https:\/\/www.europesays.com\/fr\/wp-json\/wp\/v2\/tags?post=639965"}],"curies":[{"name":"wp","href":"https:\/\/api.w.org\/{rel}","templated":true}]}}