{"id":639978,"date":"2026-01-04T08:27:12","date_gmt":"2026-01-04T08:27:12","guid":{"rendered":"https:\/\/www.europesays.com\/fr\/639978\/"},"modified":"2026-01-04T08:27:12","modified_gmt":"2026-01-04T08:27:12","slug":"pronostic-elsa-jacquemot-ajla-tomljanovic-wta-brisbane","status":"publish","type":"post","link":"https:\/\/www.europesays.com\/fr\/639978\/","title":{"rendered":"Pronostic Elsa Jacquemot Ajla Tomljanovic &#8211; WTA Brisbane"},"content":{"rendered":"<p class=\"text-xs leading-5 text-gray-400 mb-2\">\n                        Publi\u00e9 le 03\/01\/2026 11:50<br \/>\n                        \u00a0par<br \/>\n                                                            <a href=\"https:\/\/www.sportytrader.com\/auteur\/leo-measson-54\/\" target=\"_blank\" rel=\"noopener\">L\u00e9o Measson<\/a><\/p>\n<p>                                                    |<br \/>\n                            Modifi\u00e9 le<br \/>\n                                03\/01\/2026<br \/>\n                                \u00e0 12:02<\/p>\n<p>                                                                                                            dans<br \/>\n                                <a data-trans=\"tips.published.sport %sport%\" href=\"https:\/\/www.sportytrader.com\/pronostics\/tennis\/\" target=\"_blank\" rel=\"noopener\"><br \/>\n                                    Pronostics Tennis<br \/>\n                                <\/a><\/p>\n<p>La saison 2026 de tennis est officiellement lanc\u00e9e ! Ce week-end, les joueuses de tennis se sont donn\u00e9es rendez-vous en Australie pour la nouvelle \u00e9dition du tournoi de Brisbane avec notamment un duel entre le Fran\u00e7aise\u00a0Elsa Jacquemot et la locale australienne\u00a0Ajla Tomljanovic lors des 32e de finale.\u00a0<\/p>\n<p>Elsa Jacquemot a \u00e9t\u00e9 plut\u00f4t performante durant la saison derni\u00e8re puisqu&rsquo;elle a r\u00e9ussit \u00e0 int\u00e9grer le top 60 du classement de la WTA pour la toute premi\u00e8re fois de sa carri\u00e8re. Avec plus de 100 places de gagn\u00e9es, la Fran\u00e7aise de 22 ans devrait nous r\u00e9server une saison 2026 pleine de surprise. Son titre remport\u00e9 \u00e0 l&rsquo;ITF de Leszno sur le dur mais aussi sa finale jou\u00e9e au Challenger de Limoges en fin de saison devraient lui donner une belle confiance pour entamer sa saison.\u00a0<\/p>\n<p>Ajla Tomljanovic, de son c\u00f4t\u00e9, a elle aussi r\u00e9alis\u00e9 une meilleure saison en 2025 mais n&rsquo;a pas r\u00e9ussi \u00e0 remporter de titre. Dot\u00e9e d&rsquo;une plus grande exp\u00e9rience que son adversaire fran\u00e7aise, la joueuse de 32 ans a fait sensation au tournoi de Ningbo au mois d&rsquo;octobre en \u00e9liminant la num\u00e9ro 12 mondiale Clara Tauson en 16e de finale. De quoi lui donner confiance en ses capacit\u00e9s pour r\u00e9ussir son premier match de l&rsquo;ann\u00e9e.\u00a0<\/p>\n","protected":false},"excerpt":{"rendered":"Publi\u00e9 le 03\/01\/2026 11:50 \u00a0par L\u00e9o Measson | Modifi\u00e9 le 03\/01\/2026 \u00e0 12:02 dans Pronostics Tennis La saison&hellip;\n","protected":false},"author":2,"featured_media":639979,"comment_status":"","ping_status":"","sticky":false,"template":"","format":"standard","meta":{"footnotes":""},"categories":[1415],"tags":[74651,50727,1011,27,1817,1821,60,1467,74652],"class_list":{"0":"post-639978","1":"post","2":"type-post","3":"status-publish","4":"format-standard","5":"has-post-thumbnail","7":"category-tennis","8":"tag-ajla-tomljanovic","9":"tag-elsa-jacquemot","10":"tag-fr","11":"tag-france","12":"tag-pronostic","13":"tag-pronostics","14":"tag-sports","15":"tag-tennis","16":"tag-wta-brisbane"},"share_on_mastodon":{"url":"https:\/\/pubeurope.com\/@fr\/115835885527346273","error":""},"_links":{"self":[{"href":"https:\/\/www.europesays.com\/fr\/wp-json\/wp\/v2\/posts\/639978","targetHints":{"allow":["GET"]}}],"collection":[{"href":"https:\/\/www.europesays.com\/fr\/wp-json\/wp\/v2\/posts"}],"about":[{"href":"https:\/\/www.europesays.com\/fr\/wp-json\/wp\/v2\/types\/post"}],"author":[{"embeddable":true,"href":"https:\/\/www.europesays.com\/fr\/wp-json\/wp\/v2\/users\/2"}],"replies":[{"embeddable":true,"href":"https:\/\/www.europesays.com\/fr\/wp-json\/wp\/v2\/comments?post=639978"}],"version-history":[{"count":0,"href":"https:\/\/www.europesays.com\/fr\/wp-json\/wp\/v2\/posts\/639978\/revisions"}],"wp:featuredmedia":[{"embeddable":true,"href":"https:\/\/www.europesays.com\/fr\/wp-json\/wp\/v2\/media\/639979"}],"wp:attachment":[{"href":"https:\/\/www.europesays.com\/fr\/wp-json\/wp\/v2\/media?parent=639978"}],"wp:term":[{"taxonomy":"category","embeddable":true,"href":"https:\/\/www.europesays.com\/fr\/wp-json\/wp\/v2\/categories?post=639978"},{"taxonomy":"post_tag","embeddable":true,"href":"https:\/\/www.europesays.com\/fr\/wp-json\/wp\/v2\/tags?post=639978"}],"curies":[{"name":"wp","href":"https:\/\/api.w.org\/{rel}","templated":true}]}}