{"id":639980,"date":"2026-01-04T08:31:10","date_gmt":"2026-01-04T08:31:10","guid":{"rendered":"https:\/\/www.europesays.com\/fr\/639980\/"},"modified":"2026-01-04T08:31:10","modified_gmt":"2026-01-04T08:31:10","slug":"essor-basque-le-programme-2026-actualite","status":"publish","type":"post","link":"https:\/\/www.europesays.com\/fr\/639980\/","title":{"rendered":"Essor Basque : Le programme 2026 &#8211; Actualit\u00e9"},"content":{"rendered":"<p dir=\"ltr\">La 51e \u00e9dition de l\u2019Essor Basque aura lieu du 31 janvier au 8 f\u00e9vrier 2026. Cinq manches restent au programme.<\/p>\n<p dir=\"ltr\">Par rapport \u00e0 2025, il y a deux changements de villes de d\u00e9part. Comme en 2024, Soura\u00efde accueillera le d\u00e9part du Circuit de l\u2019Essor plut\u00f4t que Cambo, qui reste le th\u00e9\u00e2tre de l\u2019arriv\u00e9e du premier dimanche. Concernant le second week-end, c\u2019est Saint-Jean-le-Vieux qui sera ville-d\u00e9part le samedi, et non pas Saint-Jean-Pied-de-Port comme ce fut le cas en 2025. <\/p>\n<p>Toutes les arriv\u00e9es sont identiques \u00e0 celles de 2025. Les deux derni\u00e8res manches se finiront donc, comme c\u2019\u00e9tait le cas pour la premi\u00e8re fois pour la 50e \u00e9dition, au sommet du col de Gamia et dans la haute-ville de Maul\u00e9on. <\/p>\n<p><strong>Le programme 2026 de l\u2019Essor Basque :<\/strong><br \/>31\/01 &#8211; Ep. 1 : Boucles de l\u2019Essor (Boucau &#8211; Tarnos &#8211; 114,1 km)<br \/>01\/02 &#8211; Ep. 2 : Circuit de l\u2019Essor (Soura\u00efde &#8211; Cambo &#8211; 112 km)<br \/>06\/02 &#8211; Ep. 3 : Tour de Basse-Navarre (Saint-Palais &#8211; Saint-Palais &#8211; 109 km)<br \/>07\/02 &#8211; Ep. 4 : Ronde du Pays Basque (Saint-Jean-le-Vieux &#8211; Col de Gamia &#8211; 94 km)<br \/>08\/02 &#8211; Ep. 5 : Troph\u00e9e de l\u2019Essor-Tour de la Soule (Maul\u00e9on &#8211; Maul\u00e9on &#8211; 123 km)<\/p>\n","protected":false},"excerpt":{"rendered":"La 51e \u00e9dition de l\u2019Essor Basque aura lieu du 31 janvier au 8 f\u00e9vrier 2026. Cinq manches restent&hellip;\n","protected":false},"author":2,"featured_media":639981,"comment_status":"","ping_status":"","sticky":false,"template":"","format":"standard","meta":{"footnotes":""},"categories":[1411],"tags":[834,828,836,829,837,827,83,826,824,823,1154,207,814,817,815,816,822,821,832,211,839,1011,27,820,818,819,835,831,830,833,838,60,212,208,825],"class_list":{"0":"post-639980","1":"post","2":"type-post","3":"status-publish","4":"format-standard","5":"has-post-thumbnail","7":"category-cyclisme","8":"tag-attaque","9":"tag-belgique","10":"tag-braquet","11":"tag-bretagne","12":"tag-chute","13":"tag-competition","14":"tag-coupe-de-france","15":"tag-coureur","16":"tag-course-cyclisme","17":"tag-course-cycliste","18":"tag-cycling","19":"tag-cyclisme","20":"tag-direct","21":"tag-direct-velo","22":"tag-directvelo","23":"tag-directvelo-com","24":"tag-epreuve","25":"tag-epreuve-cycliste","26":"tag-federation-francaise-de-cyclisme","27":"tag-ffc","28":"tag-flandres","29":"tag-fr","30":"tag-france","31":"tag-live","32":"tag-live-course","33":"tag-live-epreuve","34":"tag-peloton","35":"tag-radio-peloton","36":"tag-radio-tour","37":"tag-ravitaillement","38":"tag-relance","39":"tag-sports","40":"tag-uci","41":"tag-velo","42":"tag-velos"},"share_on_mastodon":{"url":"https:\/\/pubeurope.com\/@fr\/115835901286789553","error":""},"_links":{"self":[{"href":"https:\/\/www.europesays.com\/fr\/wp-json\/wp\/v2\/posts\/639980","targetHints":{"allow":["GET"]}}],"collection":[{"href":"https:\/\/www.europesays.com\/fr\/wp-json\/wp\/v2\/posts"}],"about":[{"href":"https:\/\/www.europesays.com\/fr\/wp-json\/wp\/v2\/types\/post"}],"author":[{"embeddable":true,"href":"https:\/\/www.europesays.com\/fr\/wp-json\/wp\/v2\/users\/2"}],"replies":[{"embeddable":true,"href":"https:\/\/www.europesays.com\/fr\/wp-json\/wp\/v2\/comments?post=639980"}],"version-history":[{"count":0,"href":"https:\/\/www.europesays.com\/fr\/wp-json\/wp\/v2\/posts\/639980\/revisions"}],"wp:featuredmedia":[{"embeddable":true,"href":"https:\/\/www.europesays.com\/fr\/wp-json\/wp\/v2\/media\/639981"}],"wp:attachment":[{"href":"https:\/\/www.europesays.com\/fr\/wp-json\/wp\/v2\/media?parent=639980"}],"wp:term":[{"taxonomy":"category","embeddable":true,"href":"https:\/\/www.europesays.com\/fr\/wp-json\/wp\/v2\/categories?post=639980"},{"taxonomy":"post_tag","embeddable":true,"href":"https:\/\/www.europesays.com\/fr\/wp-json\/wp\/v2\/tags?post=639980"}],"curies":[{"name":"wp","href":"https:\/\/api.w.org\/{rel}","templated":true}]}}