{"id":640000,"date":"2026-01-04T08:44:18","date_gmt":"2026-01-04T08:44:18","guid":{"rendered":"https:\/\/www.europesays.com\/fr\/640000\/"},"modified":"2026-01-04T08:44:18","modified_gmt":"2026-01-04T08:44:18","slug":"aide-humanitaire-a-gaza-le-nouveau-front-disrael","status":"publish","type":"post","link":"https:\/\/www.europesays.com\/fr\/640000\/","title":{"rendered":"Aide humanitaire \u00e0 Gaza\u00a0: le nouveau front d\u2019Isra\u00ebl"},"content":{"rendered":"\n<p class=\"article__paragraph  \">L\u2019aide humanitaire devrait \u00eatre sanctuaris\u00e9e et non instrumentalis\u00e9e. C\u2019est pourquoi on ne peut que condamner le coup port\u00e9 par les autorit\u00e9s isra\u00e9liennes au travail d\u2019organisations non gouvernementales (ONG) internationales qui pallient depuis des mois \u00e0 Gaza, dans des conditions dramatiques, le renoncement de l\u2019Etat h\u00e9breu \u00e0 ses devoirs de puissance occupante.<\/p>\n<p>                                       Lire aussi |  Article r\u00e9serv\u00e9 \u00e0 nos abonn\u00e9s  <a href=\"https:\/\/www.lemonde.fr\/international\/article\/2026\/01\/01\/israel-porte-un-coup-d-arret-au-travail-des-ong-humanitaires-en-palestine-occupee_6660255_3210.html\" class=\"js-article-read-also catcher--favoris__link\" data-premium=\"1\" id=\"article-title-3452966\" target=\"_blank\" rel=\"noopener\">Isra\u00ebl porte un coup d\u2019arr\u00eat au travail des ONG humanitaires en Palestine occup\u00e9e<\/a>    <\/p>\n<p>   Lire plus tard  <\/p>\n<p class=\"article__paragraph  \">Depuis les massacres du 7-Octobre perp\u00e9tr\u00e9s par le Hamas et l\u2019an\u00e9antissement des infrastructures civiles par l\u2019arm\u00e9e isra\u00e9lienne, ces ONG, dont 37 sont interdites d\u2019activit\u00e9 depuis le 1er\u00a0janvier, ont contribu\u00e9 \u00e0 nourrir et \u00e0 soigner plus de 2\u00a0millions de personnes. Elles ont \u00e9vit\u00e9 le pire par un d\u00e9vouement extr\u00eame que plus de 500\u00a0travailleurs humanitaires ont pay\u00e9 de leur vie, victimes des bombardements isra\u00e9liens comme des dizaines de milliers d\u2019enfants, de femmes et de personnes \u00e2g\u00e9es.<\/p>\n<p class=\"article__paragraph  \">Les organisations non gouvernementales vis\u00e9es, \u00e0 commencer par M\u00e9decins sans fronti\u00e8res, n\u2019ont rien \u00e0 prouver depuis longtemps en mati\u00e8re d\u2019\u00e9thique et de professionnalisme. Mais elles sont la cible d\u2019autorit\u00e9s qui s\u2019affranchissent toujours plus des normes respect\u00e9es par les Etats d\u00e9mocratiques lorsqu\u2019il s\u2019agit des territoires palestiniens. Les raisons avanc\u00e9es pour justifier les refus d\u2019accr\u00e9ditation vont d\u2019accusations vagues de compromission avec le terrorisme \u00e0 la critique des termes utilis\u00e9es par ces ONG pour d\u00e9crire la situation \u00e0 laquelle elles sont confront\u00e9es \u00e0 Gaza, cr\u00e9\u00e9e de toutes pi\u00e8ces par Isra\u00ebl. Apr\u00e8s le contr\u00f4le drastique d\u2019une aide qui arrive \u00e0 grand-peine alors que l\u2019hiver fait rage, l\u2019urgence pour le gouvernement isra\u00e9lien est donc la police des mots.<\/p>\n<p>                    Fuite en avant de l\u2019Etat h\u00e9breu                    <\/p>\n<p class=\"article__paragraph  \">L\u2019offensive contre les ONG constitue une nouvelle \u00e9tape dans l\u2019\u00e9tranglement de l\u2019aide internationale, apr\u00e8s l\u2019interdiction des activit\u00e9s de l\u2019agence des Nations unies consacr\u00e9e aux r\u00e9fugi\u00e9s palestiniens, vot\u00e9e \u00e0 une \u00e9crasante majorit\u00e9 \u00e0 la Knesset il y a plus d\u2019un an. Une telle d\u00e9cision s\u2019inscrit aussi dans la volont\u00e9 de soustraire aux regards ce qui se passe \u00e0 Gaza, o\u00f9 l\u2019acc\u00e8s de la presse internationale reste interdit en d\u00e9pit du cessez-le-feu instaur\u00e9 en octobre 2025. L\u2019arr\u00eat presque total des combats dans l\u2019\u00e9troite bande de terre a certes mis fin \u00e0 un \u00e9pouvantable bain de sang. Rien ne permet en revanche d\u2019envisager un d\u00e9but de reconstruction qu\u2019Isra\u00ebl entend faire financer par d\u2019autres tout en maintenant sa f\u00e9rule sur un territoire sous blocus depuis pr\u00e8s de deux d\u00e9cennies.<\/p>\n<p>                               <img loading=\"lazy\" decoding=\"async\" src=\"https:\/\/www.europesays.com\/fr\/wp-content\/uploads\/2026\/01\/ed30443_upload-1-ly8r29qhw3qx-314054.jpg\" alt=\"Des patients palestiniens attendent d\u2019\u00eatre examin\u00e9s \u00e0 la clinique de M\u00e9decins sans fronti\u00e8res, dans le quartier d\u2019Al-Rimal, \u00e0 Gaza, le 31\u00a0d\u00e9cembre 2025. \"   width=\"664\" height=\"443\"\/>    Des patients palestiniens attendent d\u2019\u00eatre examin\u00e9s \u00e0 la clinique de M\u00e9decins sans fronti\u00e8res, dans le quartier d\u2019Al-Rimal, \u00e0 Gaza, le 31\u00a0d\u00e9cembre 2025.  OMAR AL-QATTAA \/ AFP                          <\/p>\n<p class=\"article__paragraph  \">La fuite en avant de l\u2019Etat h\u00e9breu depuis plus de deux ans, \u00e0 Gaza comme en Cisjordanie, alimente des critiques virulentes que le gouvernement de Benyamin N\u00e9tanyahou, le plus \u00e0 droite de l\u2019histoire du pays, tente de faire taire en agitant des accusations d\u2019antis\u00e9mitisme. Il faut donc rappeler que l\u2019on peut d\u00e9noncer ce qui se passe \u00e0 Gaza sans remettre en cause la l\u00e9gitimit\u00e9 d\u2019Isra\u00ebl. Et que cette l\u00e9gitimit\u00e9 serait au contraire renforc\u00e9e par le respect du droit humanitaire le plus \u00e9l\u00e9mentaire.<\/p>\n<p class=\"article__paragraph  \">Cette exigence vaut tout autant pour les Etats, \u00e0 commencer par la France, qui ont justement d\u00e9plor\u00e9 la d\u00e9cision isra\u00e9lienne en rappelant combien la situation reste\u00a0catastrophique \u00e0 Gaza. Pensent-ils une nouvelle fois que se contenter d\u2019exprimer une \u00ab\u00a0profonde inqui\u00e9tude\u00a0\u00bb, sans l\u2019assortir de la moindre mise en garde, changera quoi que ce soit\u00a0? Si ces pays estiment r\u00e9ellement que l\u2019Etat h\u00e9breu s\u2019\u00e9gare avec de telles d\u00e9cisions, qu\u2019ils en tirent enfin les cons\u00e9quences.<\/p>\n<p class=\"author__detail\"> Le Monde <\/p>\n<p>                    <a href=\"https:\/\/www.lemonde.fr\/syndication\/\" class=\"reuse__content\" title=\"R\u00e9utiliser ce contenu\" target=\"_blank\" rel=\"noopener\">R\u00e9utiliser ce contenu<\/a>      <\/p>\n","protected":false},"excerpt":{"rendered":"L\u2019aide humanitaire devrait \u00eatre sanctuaris\u00e9e et non instrumentalis\u00e9e. C\u2019est pourquoi on ne peut que condamner le coup port\u00e9&hellip;\n","protected":false},"author":2,"featured_media":640001,"comment_status":"","ping_status":"","sticky":false,"template":"","format":"standard","meta":{"footnotes":""},"categories":[5],"tags":[11,1011,27,14,12,28],"class_list":{"0":"post-640000","1":"post","2":"type-post","3":"status-publish","4":"format-standard","5":"has-post-thumbnail","7":"category-international","8":"tag-actualites","9":"tag-fr","10":"tag-france","11":"tag-international","12":"tag-news","13":"tag-world"},"share_on_mastodon":{"url":"https:\/\/pubeurope.com\/@fr\/115835952507755406","error":""},"_links":{"self":[{"href":"https:\/\/www.europesays.com\/fr\/wp-json\/wp\/v2\/posts\/640000","targetHints":{"allow":["GET"]}}],"collection":[{"href":"https:\/\/www.europesays.com\/fr\/wp-json\/wp\/v2\/posts"}],"about":[{"href":"https:\/\/www.europesays.com\/fr\/wp-json\/wp\/v2\/types\/post"}],"author":[{"embeddable":true,"href":"https:\/\/www.europesays.com\/fr\/wp-json\/wp\/v2\/users\/2"}],"replies":[{"embeddable":true,"href":"https:\/\/www.europesays.com\/fr\/wp-json\/wp\/v2\/comments?post=640000"}],"version-history":[{"count":0,"href":"https:\/\/www.europesays.com\/fr\/wp-json\/wp\/v2\/posts\/640000\/revisions"}],"wp:featuredmedia":[{"embeddable":true,"href":"https:\/\/www.europesays.com\/fr\/wp-json\/wp\/v2\/media\/640001"}],"wp:attachment":[{"href":"https:\/\/www.europesays.com\/fr\/wp-json\/wp\/v2\/media?parent=640000"}],"wp:term":[{"taxonomy":"category","embeddable":true,"href":"https:\/\/www.europesays.com\/fr\/wp-json\/wp\/v2\/categories?post=640000"},{"taxonomy":"post_tag","embeddable":true,"href":"https:\/\/www.europesays.com\/fr\/wp-json\/wp\/v2\/tags?post=640000"}],"curies":[{"name":"wp","href":"https:\/\/api.w.org\/{rel}","templated":true}]}}