{"id":640018,"date":"2026-01-04T09:00:11","date_gmt":"2026-01-04T09:00:11","guid":{"rendered":"https:\/\/www.europesays.com\/fr\/640018\/"},"modified":"2026-01-04T09:00:11","modified_gmt":"2026-01-04T09:00:11","slug":"ce-qui-ma-frappe-cest-la-proprete-de-la-ville-comparee-a-paris-comment-monsieur-radis-a-pris-racine-a-rennes","status":"publish","type":"post","link":"https:\/\/www.europesays.com\/fr\/640018\/","title":{"rendered":"\u00ab\u00a0Ce qui m\u2019a frapp\u00e9, c\u2019est la propret\u00e9 de la ville compar\u00e9e \u00e0 Paris\u00a0\u00bb\u00a0: comment \u00ab\u00a0monsieur radis\u00a0\u00bb a pris racine \u00e0 Rennes"},"content":{"rendered":"<p>\u00ab Mon premier souvenir de Rennes, c\u2019est le parc Oberth\u00fcr, juste \u00e0 c\u00f4t\u00e9 de l\u2019immeuble o\u00f9 nous avions trouv\u00e9 un petit appartement, avec mon \u00e9pouse et mon jeune fils, fra\u00eechement arriv\u00e9s de r\u00e9gion parisienne. Ce parc repr\u00e9sentait une vraie bouff\u00e9e d\u2019air. De la verdure, des jeux, une vie de quartier agr\u00e9able. C\u2019\u00e9tait un point d\u2019ancrage imm\u00e9diat.<\/p>\n<p>Les premiers pas \u00e0 Rennes<\/p>\n<p>Je suis arriv\u00e9 en 1989. Je ne me souviens plus exactement de la saison, mais je me rappelle surtout d\u2019une p\u00e9riode de grosse phase administrative. Il fallait trouver une \u00e9cole pour le petit, mettre en place une nouvelle vie de famille. Ce qui m\u2019a frapp\u00e9 assez vite, en comparaison avec Paris, c\u2019est la propret\u00e9 de la ville. J\u2019ai trouv\u00e9 Rennes plus agr\u00e9able \u00e0 vivre au quotidien.<\/p>\n<p>Tr\u00e8s rapidement, j\u2019ai aussi trouv\u00e9 du travail au restaurant Le Galopin, comme ma\u00eetre d\u2019h\u00f4tel. J\u2019y suis rest\u00e9 pr\u00e8s de trente ans. Je ne sortais pas beaucoup en dehors du boulot, mais mon m\u00e9tier me plaisait.<\/p>\n<p><strong><strong><strong><strong>\u00ab Comment je suis devenu rennais \u00bb, un dossier \u00e0 retrouver dans le Mensuel de Rennes de janvier<\/strong><\/strong><\/strong><\/strong><br \/>Chaque ann\u00e9e, des milliers de personnes s\u2019installent \u00e0 Rennes. Comment devient-on pleinement membre de la cit\u00e9 ? Des personnalit\u00e9s de la ville, qui furent un jour de nouveaux arrivants, livrent au Mensuel de Rennes le r\u00e9cit intime de leur parcours d\u2019habitant, du tout premier jour \u00e0 aujourd\u2019hui. \u00c0 retrouver dans les kiosques ce vendredi 2 janvier.<\/p>\n<p>Mes souvenirs les plus marquants<\/p>\n<p>Les bons souvenirs sont nombreux, notamment li\u00e9s aux rencontres. Le Galopin \u00e9tait un lieu o\u00f9 passaient beaucoup d\u2019artistes, de dessinateurs de bande dessin\u00e9e, surtout lors des d\u00e9dicaces chez Ty Bulle. Comme j\u2019\u00e9tais passionn\u00e9 de BD, je leur demandais de me dessiner un radis. J\u2019en ai collectionn\u00e9 des dizaines, faits par des grands noms comme Bilal ou Fred. Il y avait aussi des com\u00e9diens, des chefs d\u2019entreprise, des responsables politiques\u2026<\/p>\n<p>Les mauvais souvenirs sont plus personnels. Ils concernent surtout mes enfants. Un accident domestique qui aurait pu \u00eatre tr\u00e8s grave, un jour o\u00f9 je n\u2019\u00e9tais pas \u00e0 Rennes, m\u2019a oblig\u00e9 \u00e0 rentrer en voiture \u00e0 toute allure depuis la Normandie. Il y a aussi ce souvenir d\u2019un de mes fils, encore tr\u00e8s jeune, qui est sorti seul de l\u2019\u00e9cole Saint-H\u00e9lier et a travers\u00e9 la ville tranquillement pour rentrer \u00e0 la maison. Je l\u2019ai vu d\u00e9barquer dans l\u2019appartement et me dire qu\u2019il ne voulait pas aller en classe\u2026 Bon, au moins, \u00e7a montre que la ville \u00e9tait s\u00fbre.<\/p>\n<blockquote><p>Artistiquement, Rennes m\u2019a beaucoup donn\u00e9<\/p><\/blockquote>\n<p>Autre souvenir, plus artistique : un jour, une de mes \u0153uvres est install\u00e9e pr\u00e8s de la Vilaine \u2013 un radis r\u00e9alis\u00e9 \u00e0 partir d\u2019une planche de surf. Mais le lendemain, alors que la presse \u00e9tait convi\u00e9e, l\u2019\u0153uvre avait disparu. Vol\u00e9e ! Je suis pass\u00e9 de la fiert\u00e9 \u00e0 la grosse d\u00e9ception\u2026<\/p>\n<p>Ce que Rennes m\u2019a apport\u00e9<\/p>\n<p>Rennes m\u2019a apport\u00e9 du plaisir, de la joie, une vraie qualit\u00e9 de vie. Je m\u2019y d\u00e9place \u00e0 v\u00e9lo. La mer est \u00e0 une heure de route. Pour quelqu\u2019un comme moi, originaire des C\u00f4tes-du-Nord, c\u2019est un compromis id\u00e9al entre grande ville, campagne et littoral. Artistiquement, Rennes m\u2019a beaucoup donn\u00e9. La municipalit\u00e9 m\u2019a notamment soutenu pour installer un radis g\u00e9ant dans l\u2019espace public. Pour un artiste qui n\u2019a pas fait les Beaux-arts, avoir une \u0153uvre aussi visible est une reconnaissance forte. Aujourd\u2019hui encore, j\u2019ai des projets et des envies. Je pr\u00e9pare une r\u00e9trospective. Plus d\u2019un millier de mes radis-gargouilles ont fleuri sur les murs, et l\u2019un d\u2019eux a m\u00eame trouv\u00e9 sa place \u00e0 Kiev ! \u00bb<\/p>\n","protected":false},"excerpt":{"rendered":"\u00ab Mon premier souvenir de Rennes, c\u2019est le parc Oberth\u00fcr, juste \u00e0 c\u00f4t\u00e9 de l\u2019immeuble o\u00f9 nous avions&hellip;\n","protected":false},"author":2,"featured_media":640019,"comment_status":"","ping_status":"","sticky":false,"template":"","format":"standard","meta":{"footnotes":""},"categories":[2821],"tags":[1111,11,829,251,3173,765,1777,674,1011,27,848,12,584,25],"class_list":{"0":"post-640018","1":"post","2":"type-post","3":"status-publish","4":"format-standard","5":"has-post-thumbnail","7":"category-rennes","8":"tag-actu","9":"tag-actualites","10":"tag-bretagne","11":"tag-culture","12":"tag-culture-a-rennes","13":"tag-en-continu","14":"tag-eu","15":"tag-europe","16":"tag-fr","17":"tag-france","18":"tag-ille-et-vilaine","19":"tag-news","20":"tag-rennes","21":"tag-republique-francaise"},"share_on_mastodon":{"url":"https:\/\/pubeurope.com\/@fr\/115836015288887440","error":""},"_links":{"self":[{"href":"https:\/\/www.europesays.com\/fr\/wp-json\/wp\/v2\/posts\/640018","targetHints":{"allow":["GET"]}}],"collection":[{"href":"https:\/\/www.europesays.com\/fr\/wp-json\/wp\/v2\/posts"}],"about":[{"href":"https:\/\/www.europesays.com\/fr\/wp-json\/wp\/v2\/types\/post"}],"author":[{"embeddable":true,"href":"https:\/\/www.europesays.com\/fr\/wp-json\/wp\/v2\/users\/2"}],"replies":[{"embeddable":true,"href":"https:\/\/www.europesays.com\/fr\/wp-json\/wp\/v2\/comments?post=640018"}],"version-history":[{"count":0,"href":"https:\/\/www.europesays.com\/fr\/wp-json\/wp\/v2\/posts\/640018\/revisions"}],"wp:featuredmedia":[{"embeddable":true,"href":"https:\/\/www.europesays.com\/fr\/wp-json\/wp\/v2\/media\/640019"}],"wp:attachment":[{"href":"https:\/\/www.europesays.com\/fr\/wp-json\/wp\/v2\/media?parent=640018"}],"wp:term":[{"taxonomy":"category","embeddable":true,"href":"https:\/\/www.europesays.com\/fr\/wp-json\/wp\/v2\/categories?post=640018"},{"taxonomy":"post_tag","embeddable":true,"href":"https:\/\/www.europesays.com\/fr\/wp-json\/wp\/v2\/tags?post=640018"}],"curies":[{"name":"wp","href":"https:\/\/api.w.org\/{rel}","templated":true}]}}