{"id":640020,"date":"2026-01-04T09:01:11","date_gmt":"2026-01-04T09:01:11","guid":{"rendered":"https:\/\/www.europesays.com\/fr\/640020\/"},"modified":"2026-01-04T09:01:11","modified_gmt":"2026-01-04T09:01:11","slug":"habib-beye-le-clash-apres-lille-rennes","status":"publish","type":"post","link":"https:\/\/www.europesays.com\/fr\/640020\/","title":{"rendered":"Habib Beye, le clash apr\u00e8s Lille-Rennes !"},"content":{"rendered":"<p><strong>Apr\u00e8s le coup de sang du<br \/>\npr\u00e9sident lillois, Olivier L\u00e9tang, \u00e0 l\u2019encontre de l\u2019arbitre de<br \/>\nLille-Rennes (0-2), Habib Beye lui a r\u00e9pondu en conf\u00e9rence de<br \/>\npresse d\u2019apr\u00e8s-match.<\/strong><\/p>\n<p>En d\u00e9placement \u00e0 Lille samedi soir, pour le compte de la<br \/>\n17e journ\u00e9e de Ligue 1, le Stade Rennais s\u2019est impos\u00e9<br \/>\n0-2, gr\u00e2ce \u00e0 des r\u00e9alisations de Frankowski et Merlin. Une<br \/>\nrencontre marqu\u00e9e par l\u2019expulsion d\u00e8s la 14e minute de<br \/>\njeu du d\u00e9fenseur des Dogues, Alexsandro.<\/p>\n<p>Un carton rouge qui a mis en rogne Bruno Genesio et son<br \/>\npr\u00e9sident Olivier L\u00e9tang. Ce dernier est m\u00eame descendu dans les<br \/>\ncouloirs du stade Pierre-Mauroy \u00e0 la pause pour s\u2019en prendre<br \/>\nviolemment \u00e0 l\u2019arbitre Eric Wattellier.<\/p>\n<p>\u00ab\u00a0Vous savez ce que vous avez fait\u00a0!, a lanc\u00e9<br \/>\n\u00e0 plusieurs reprises le dirigeant nordiste \u00e0 l\u2019arbitre, comme le<br \/>\nmontrent les images capt\u00e9es par Ligue 1+. C\u2019est une honte !<br \/>\nC\u2019est un scandale ! J\u2019en reviens pas ! Vous n\u2019\u00eates m\u00eame pas capable<br \/>\nde parler calmement !\u00a0\u00bb Un coup de sang qui n\u2019est pas le<br \/>\npremier d\u2019Olivier L\u00e9tang contre un arbitre.<\/p>\n<p>Beye: \u00ab\u00a0Un peu \u00e0 son habitude, le pr\u00e9sident lillois a<br \/>\ntent\u00e9 de cr\u00e9er un contexte\u00a0\u00bb<\/p>\n<p>A l\u2019issue du match, Habib Beye n\u2019a pas manqu\u00e9 de tacler<br \/>\nl\u2019attitude du pr\u00e9sident du Losc. \u00ab\u00a0Un peu \u00e0 son habitude,<br \/>\nle pr\u00e9sident lillois a tent\u00e9 de cr\u00e9er un contexte, a indiqu\u00e9<br \/>\nle coach rennais. \u00c7a ne devrait plus jamais arriver dans le<br \/>\nfoot. Je le dis \u00e0 Lille, je dirais la m\u00eame chose si c\u2019\u00e9tait au<br \/>\nStade rennais. Il faut aider les acteurs du jeu, footballeurs comme<br \/>\narbitres, et ce type de pression \u00e0 la mi-temps d\u00e9stabilise tout un<br \/>\ncontexte. \u00bb<\/p>\n<p>\u00ab\u202fPour moi, le terrain appartient aux acteurs, donc aux<br \/>\njoueurs et aux staffs, \u00e0 personne d\u2019autre, a ajout\u00e9 Beye.<br \/>\nJe ne suis pas celui qui va dire que \u00e7a n\u2019arrive pas ailleurs,<br \/>\nmais je trouve que ce n\u2019est pas une bonne image pour notre foot.<br \/>\nNos arbitres n\u2019ont pas besoin de \u00e7a, ils ont besoin d\u2019\u00eatre<br \/>\nsoutenus, a continu\u00e9 Beye. Je suis le premier \u00e0 me plaindre quand<br \/>\nil y a une mauvaise d\u00e9cision, on le fait tous, je ne suis pas<br \/>\ndiff\u00e9rent des autres, je ne suis pas en train de vous dire que je<br \/>\nne le fais pas. On a tous nos frustrations, mais il faut savoir<br \/>\nreconna\u00eetre que \u00e7a ne sert pas le contexte et les<br \/>\nrencontres.\u202f\u00bb<\/p>\n","protected":false},"excerpt":{"rendered":"Apr\u00e8s le coup de sang du pr\u00e9sident lillois, Olivier L\u00e9tang, \u00e0 l\u2019encontre de l\u2019arbitre de Lille-Rennes (0-2), Habib&hellip;\n","protected":false},"author":2,"featured_media":640021,"comment_status":"","ping_status":"","sticky":false,"template":"","format":"standard","meta":{"footnotes":""},"categories":[2821],"tags":[1111,11,829,1777,674,1011,27,12,584,25],"class_list":{"0":"post-640020","1":"post","2":"type-post","3":"status-publish","4":"format-standard","5":"has-post-thumbnail","7":"category-rennes","8":"tag-actu","9":"tag-actualites","10":"tag-bretagne","11":"tag-eu","12":"tag-europe","13":"tag-fr","14":"tag-france","15":"tag-news","16":"tag-rennes","17":"tag-republique-francaise"},"share_on_mastodon":{"url":"https:\/\/pubeurope.com\/@fr\/115836019206090645","error":""},"_links":{"self":[{"href":"https:\/\/www.europesays.com\/fr\/wp-json\/wp\/v2\/posts\/640020","targetHints":{"allow":["GET"]}}],"collection":[{"href":"https:\/\/www.europesays.com\/fr\/wp-json\/wp\/v2\/posts"}],"about":[{"href":"https:\/\/www.europesays.com\/fr\/wp-json\/wp\/v2\/types\/post"}],"author":[{"embeddable":true,"href":"https:\/\/www.europesays.com\/fr\/wp-json\/wp\/v2\/users\/2"}],"replies":[{"embeddable":true,"href":"https:\/\/www.europesays.com\/fr\/wp-json\/wp\/v2\/comments?post=640020"}],"version-history":[{"count":0,"href":"https:\/\/www.europesays.com\/fr\/wp-json\/wp\/v2\/posts\/640020\/revisions"}],"wp:featuredmedia":[{"embeddable":true,"href":"https:\/\/www.europesays.com\/fr\/wp-json\/wp\/v2\/media\/640021"}],"wp:attachment":[{"href":"https:\/\/www.europesays.com\/fr\/wp-json\/wp\/v2\/media?parent=640020"}],"wp:term":[{"taxonomy":"category","embeddable":true,"href":"https:\/\/www.europesays.com\/fr\/wp-json\/wp\/v2\/categories?post=640020"},{"taxonomy":"post_tag","embeddable":true,"href":"https:\/\/www.europesays.com\/fr\/wp-json\/wp\/v2\/tags?post=640020"}],"curies":[{"name":"wp","href":"https:\/\/api.w.org\/{rel}","templated":true}]}}