{"id":640022,"date":"2026-01-04T09:02:17","date_gmt":"2026-01-04T09:02:17","guid":{"rendered":"https:\/\/www.europesays.com\/fr\/640022\/"},"modified":"2026-01-04T09:02:17","modified_gmt":"2026-01-04T09:02:17","slug":"strasbourg-debut-dincendie-dans-la-cage-descalier-dun-immeuble","status":"publish","type":"post","link":"https:\/\/www.europesays.com\/fr\/640022\/","title":{"rendered":"Strasbourg. D\u00e9but d&rsquo;incendie dans la cage d&rsquo;escalier d&rsquo;un immeuble"},"content":{"rendered":"<p>Un incendie s&rsquo;est d\u00e9clar\u00e9 \u00e0 2h40 dans la nuit du 3 au 4 janvier dans la cage d&rsquo;escalier d&rsquo;un immeuble de la rue Mussidan, dans le quartier du Polygone au sud de Strasbourg.<\/p>\n<p>Une vingtaine de sapeurs-pompiers ont rapidement ma\u00eetris\u00e9 le feu et \u00e9vacu\u00e9 les occupants du b\u00e2timent, dont certains \u00e0 l&rsquo;aide de la grande \u00e9chelle.<br \/>Deux personnes, l\u00e9g\u00e8rement incommod\u00e9es par les fum\u00e9es, ont \u00e9t\u00e9 \u00e9vacu\u00e9es vers le CHU de Hautepierre pour des examens de contr\u00f4le.<\/p>\n","protected":false},"excerpt":{"rendered":"Un incendie s&rsquo;est d\u00e9clar\u00e9 \u00e0 2h40 dans la nuit du 3 au 4 janvier dans la cage d&rsquo;escalier&hellip;\n","protected":false},"author":2,"featured_media":640023,"comment_status":"","ping_status":"","sticky":false,"template":"","format":"standard","meta":{"footnotes":""},"categories":[2820],"tags":[1111,11,2880,1777,674,274,107,1011,27,775,1310,12,25,640],"class_list":{"0":"post-640022","1":"post","2":"type-post","3":"status-publish","4":"format-standard","5":"has-post-thumbnail","7":"category-strasbourg","8":"tag-actu","9":"tag-actualites","10":"tag-edition-strasbourg","11":"tag-eu","12":"tag-europe","13":"tag-faits-divers-justice","14":"tag-fil-info","15":"tag-fr","16":"tag-france","17":"tag-grand-est","18":"tag-incendie","19":"tag-news","20":"tag-republique-francaise","21":"tag-strasbourg"},"share_on_mastodon":{"url":"https:\/\/pubeurope.com\/@fr\/115836023210784470","error":""},"_links":{"self":[{"href":"https:\/\/www.europesays.com\/fr\/wp-json\/wp\/v2\/posts\/640022","targetHints":{"allow":["GET"]}}],"collection":[{"href":"https:\/\/www.europesays.com\/fr\/wp-json\/wp\/v2\/posts"}],"about":[{"href":"https:\/\/www.europesays.com\/fr\/wp-json\/wp\/v2\/types\/post"}],"author":[{"embeddable":true,"href":"https:\/\/www.europesays.com\/fr\/wp-json\/wp\/v2\/users\/2"}],"replies":[{"embeddable":true,"href":"https:\/\/www.europesays.com\/fr\/wp-json\/wp\/v2\/comments?post=640022"}],"version-history":[{"count":0,"href":"https:\/\/www.europesays.com\/fr\/wp-json\/wp\/v2\/posts\/640022\/revisions"}],"wp:featuredmedia":[{"embeddable":true,"href":"https:\/\/www.europesays.com\/fr\/wp-json\/wp\/v2\/media\/640023"}],"wp:attachment":[{"href":"https:\/\/www.europesays.com\/fr\/wp-json\/wp\/v2\/media?parent=640022"}],"wp:term":[{"taxonomy":"category","embeddable":true,"href":"https:\/\/www.europesays.com\/fr\/wp-json\/wp\/v2\/categories?post=640022"},{"taxonomy":"post_tag","embeddable":true,"href":"https:\/\/www.europesays.com\/fr\/wp-json\/wp\/v2\/tags?post=640022"}],"curies":[{"name":"wp","href":"https:\/\/api.w.org\/{rel}","templated":true}]}}