{"id":640026,"date":"2026-01-04T09:04:09","date_gmt":"2026-01-04T09:04:09","guid":{"rendered":"https:\/\/www.europesays.com\/fr\/640026\/"},"modified":"2026-01-04T09:04:09","modified_gmt":"2026-01-04T09:04:09","slug":"nice-un-appartement-de-50m2-dans-ce-quartier-mis-aux-encheres-a-prix-casse","status":"publish","type":"post","link":"https:\/\/www.europesays.com\/fr\/640026\/","title":{"rendered":"Nice. Un appartement de 50m2 dans ce quartier mis aux ench\u00e8res \u00e0 prix cass\u00e9"},"content":{"rendered":"<p>                    Par<br \/>\n        <strong><br \/>\n            <a href=\"https:\/\/actu.fr\/auteur\/ugo-maillard\" title=\"Consulter tous les articles de Ugo Maillard\" target=\"_blank\" rel=\"noopener\">Ugo Maillard<\/a><br \/>\n                    <\/strong><\/p>\n<p>        Publi\u00e9 le<\/p>\n<p>            4 janv. 2026 \u00e0 8h34        <\/p>\n<p>Une occasion unique, \u00e0 saisir rapidement. Un appartement situ\u00e9 dans le quartier Riquier de <a href=\"https:\/\/actu.fr\/nice\/\" target=\"_blank\" rel=\"noopener\">Nice<\/a> est mis aux ench\u00e8res le jeudi 15\u00a0janvier 2026. Situ\u00e9 au <strong>4e \u00e9tage d\u2019un immeuble<\/strong> de la rue du Mar\u00e9chal-Vauban, l\u2019appartement affiche une <a href=\"https:\/\/www.encheres-publiques.com\/encheres\/immobilier\/appartements\/nice-06\/appartement-situe-avenue-marechal-vauban-nice_125593\" target=\"_blank\" rel=\"noopener\">surface au sol de 51,11\u00a0m2<\/a>.<\/p>\n<p>    <a href=\"https:\/\/www.google.com\/maps\/embed?pb=!1m18!1m12!1m3!1d2883.9576461451493!2d7.285625276533105!3d43.71142924866226!2m3!1f0!2f0!3f0!3m2!1i1024!2i768!4f13.1!3m3!1m2!1s0x12cddacacaea0df5%3A0x76515df7e28e7eb7!2sRue%20Mar%C3%A9chal%20Vauban%2C%2006300%20Nice!5e0!3m2!1sfr!2sfr!4v1767360769281!5m2!1sfr!2sfr\" title=\"Ouvrie le lien\" target=\"_blank\" rel=\"noopener\">Cliquez ici pour visualiser le contenu<\/a><\/p>\n<p class=\" wall-content\">Le bien comprend une entr\u00e9e, une cuisine, une salle de bains, deux chambres, une salle de s\u00e9jour et un wc.<\/p>\n<p class=\" wall-content\">Cet appartement est mis en vente<strong> \u00e0 50\u2009000\u00a0euros<\/strong>. Au regard des prix du march\u00e9 immobilier dans le secteur, il est fort probable que les ench\u00e8res grimpent rapidement pour acqu\u00e9rir le bien.<\/p>\n<p>Les visites organis\u00e9es cette semaine<\/p>\n<p class=\" wall-content\">Avant la vente aux ench\u00e8res qui se tiendra le jeudi 15\u00a0janvier 2026 \u00e0 9h, au sein du palais Rusca, sur la place du Palais, des visites sont organis\u00e9es.<\/p>\n<p class=\" wall-content\">En compagnie d\u2019un huissier de justice, il est possible de d\u00e9couvrir le bien le mardi 6\u00a0janvier de 14 \u00e0 15h et le vendredi 9\u00a0janvier de 9h \u00e0 10h.<\/p>\n<p class=\" wall-content\">\u00c0 noter que la vente est aux ench\u00e8res est <strong>ouverte \u00e0 tous.<\/strong><\/p>\n<p class=\" wall-content\">Personnalisez votre actualit\u00e9 en ajoutant vos villes et m\u00e9dias en favori avec <a href=\"https:\/\/moncompte.actu.fr\" title=\"D\u00e9couvez Mon Actu\" rel=\"nofollow noopener\" data-trk=\"{&quot;cta&quot;:{&quot;action&quot;:&quot;https:\\\/\\\/moncompte.actu.fr&quot;,&quot;category&quot;:&quot;mon compte&quot;,&quot;from&quot;:&quot;article footer&quot;,&quot;name&quot;:&quot;Mon actu&quot;,&quot;type&quot;:&quot;cta&quot;}}\" target=\"_blank\">Mon Actu<\/a>.<\/p>\n","protected":false},"excerpt":{"rendered":"Par Ugo Maillard Publi\u00e9 le 4 janv. 2026 \u00e0 8h34 Une occasion unique, \u00e0 saisir rapidement. Un appartement&hellip;\n","protected":false},"author":2,"featured_media":640027,"comment_status":"","ping_status":"","sticky":false,"template":"","format":"standard","meta":{"footnotes":""},"categories":[2819],"tags":[1111,11,33,1777,674,1011,27,1116,12,2401,882,25],"class_list":{"0":"post-640026","1":"post","2":"type-post","3":"status-publish","4":"format-standard","5":"has-post-thumbnail","7":"category-nice","8":"tag-actu","9":"tag-actualites","10":"tag-economie","11":"tag-eu","12":"tag-europe","13":"tag-fr","14":"tag-france","15":"tag-immobilier","16":"tag-news","17":"tag-nice","18":"tag-provence-alpes-cote-dazur","19":"tag-republique-francaise"},"share_on_mastodon":{"url":"https:\/\/pubeurope.com\/@fr\/115836031132170800","error":""},"_links":{"self":[{"href":"https:\/\/www.europesays.com\/fr\/wp-json\/wp\/v2\/posts\/640026","targetHints":{"allow":["GET"]}}],"collection":[{"href":"https:\/\/www.europesays.com\/fr\/wp-json\/wp\/v2\/posts"}],"about":[{"href":"https:\/\/www.europesays.com\/fr\/wp-json\/wp\/v2\/types\/post"}],"author":[{"embeddable":true,"href":"https:\/\/www.europesays.com\/fr\/wp-json\/wp\/v2\/users\/2"}],"replies":[{"embeddable":true,"href":"https:\/\/www.europesays.com\/fr\/wp-json\/wp\/v2\/comments?post=640026"}],"version-history":[{"count":0,"href":"https:\/\/www.europesays.com\/fr\/wp-json\/wp\/v2\/posts\/640026\/revisions"}],"wp:featuredmedia":[{"embeddable":true,"href":"https:\/\/www.europesays.com\/fr\/wp-json\/wp\/v2\/media\/640027"}],"wp:attachment":[{"href":"https:\/\/www.europesays.com\/fr\/wp-json\/wp\/v2\/media?parent=640026"}],"wp:term":[{"taxonomy":"category","embeddable":true,"href":"https:\/\/www.europesays.com\/fr\/wp-json\/wp\/v2\/categories?post=640026"},{"taxonomy":"post_tag","embeddable":true,"href":"https:\/\/www.europesays.com\/fr\/wp-json\/wp\/v2\/tags?post=640026"}],"curies":[{"name":"wp","href":"https:\/\/api.w.org\/{rel}","templated":true}]}}