{"id":640032,"date":"2026-01-04T09:10:22","date_gmt":"2026-01-04T09:10:22","guid":{"rendered":"https:\/\/www.europesays.com\/fr\/640032\/"},"modified":"2026-01-04T09:10:22","modified_gmt":"2026-01-04T09:10:22","slug":"moins-connue-que-bordeaux-plus-raffinee-que-la-rochelle-cette-ville-portuaire-est-la-pepite-de-latlantique","status":"publish","type":"post","link":"https:\/\/www.europesays.com\/fr\/640032\/","title":{"rendered":"Moins connue que Bordeaux, plus raffin\u00e9e que La Rochelle : cette ville portuaire est la p\u00e9pite de l\u2019Atlantique"},"content":{"rendered":"<p>Je vous emm\u00e8ne aujourd\u2019hui dans un lieu qui m\u2019a litt\u00e9ralement envo\u00fbt\u00e9e lors de ma derni\u00e8re escapade en Charente-Maritime. <strong>Rochefort se d\u00e9voile<\/strong> comme une destination o\u00f9 l\u2019architecture navale c\u00f4toie les jardins exotiques, o\u00f9 chaque rue raconte une \u00e9pop\u00e9e maritime.<\/p>\n<p>Une cit\u00e9 arsenali\u00e8re aux multiples visages<\/p>\n<p>J\u2019ai pos\u00e9 mes valises \u00e0 Rochefort en plein milieu d\u2019avril, quand la lumi\u00e8re printani\u00e8re illumine les fa\u00e7ades de pierre blonde. L\u2019arsenal maritime, ce g\u00e9ant endormi au bord de la Charente, m\u2019a transport\u00e9e trois si\u00e8cles en arri\u00e8re. Les corderies royales s\u2019\u00e9tirent sur pr\u00e8s de 374 m\u00e8tres, un ruban de pierre o\u00f9 j\u2019ai march\u00e9 en imaginant les cordiers d\u2019autrefois.<\/p>\n<p>\n&gt;<\/p>\n<p>Ce qui me enchante particuli\u00e8rement dans cette destination, c\u2019est <strong>la diversit\u00e9 de ses attraits touristiques<\/strong>. Contrairement \u00e0 d\u2019autres localit\u00e9s de <a href=\"https:\/\/www.carredinfo.fr\/voyage\/ville-cote-atlantique-est-devenue-havre-paix-retraites\/\" target=\"_blank\" rel=\"noopener\">la c\u00f4te Atlantique qui attirent principalement les visiteurs en qu\u00eate de tranquillit\u00e9<\/a>, Rochefort propose une v\u00e9ritable immersion culturelle. La Corderie Royale abrite d\u00e9sormais le Centre International de la Mer, o\u00f9 j\u2019ai pass\u00e9 des heures \u00e0 d\u00e9couvrir l\u2019histoire navale fran\u00e7aise.<\/p>\n<p>L\u2019Hermione, cette fr\u00e9gate reconstitu\u00e9e qui a travers\u00e9 l\u2019Atlantique, tr\u00f4ne fi\u00e8rement dans l\u2019arsenal. Je vous recommande vivement la visite guid\u00e9e : grimper \u00e0 bord, toucher les cordages, observer les canons align\u00e9s. Ces sensations tactiles donnent vie \u00e0 l\u2019histoire comme aucun livre ne pourrait le faire.<\/p>\n<p>Des \u00e9chapp\u00e9es vertes et exotiques inattendues<\/p>\n<p>Voici ce que j\u2019ai ador\u00e9 chercher lors de mon s\u00e9jour :<\/p>\n<ul>\n<li><strong>Le Jardin de la Marine<\/strong>, o\u00f9 les palmiers c\u00f4toient les magnolias<\/li>\n<li><strong>Le Conservatoire du B\u00e9gonia<\/strong>, avec ses milliers de vari\u00e9t\u00e9s color\u00e9es<\/li>\n<li><strong>Les quais de la Charente<\/strong>, parfaits pour une balade \u00e0 v\u00e9lo au coucher du soleil<\/li>\n<li><strong>La Maison de Pierre Loti<\/strong>, demeure fantasmagorique de l\u2019\u00e9crivain voyageur<\/li>\n<\/ul>\n<p>Pierre Loti justement : quel personnage ! Sa maison-mus\u00e9e m\u2019a stup\u00e9fi\u00e9e par son excentricit\u00e9. Les d\u00e9cors orientalistes, la mosqu\u00e9e reconstitu\u00e9e, le salon turc, tout \u00e9voque ses p\u00e9riples lointains. Ce marin-\u00e9crivain a insuffl\u00e9 \u00e0 Rochefort une dimension exotique qu\u2019on ne retrouve nulle part ailleurs sur le littoral.<\/p>\n<p>J\u2019ai \u00e9galement d\u00e9couvert que <a href=\"https:\/\/www.carredinfo.fr\/voyage\/village-charente-maritime-est-veritable-tresor-cote-atlantique\/\" target=\"_blank\" rel=\"noopener\">la Charente-Maritime regorge de p\u00e9pites m\u00e9connues<\/a> qui m\u00e9ritent le d\u00e9tour lors d\u2019une \u00e9chapp\u00e9e r\u00e9gionale.<\/p>\n<tr>\nSite incontournable<br \/>\nTemps de visite conseill\u00e9<br \/>\nMon coup de c\u0153ur<br \/>\n<\/tr>\n<tr>\n<td><strong>Corderie Royale<\/strong><\/td>\n<td>2h30<\/td>\n<td>L\u2019exposition permanente<\/td>\n<\/tr>\n<tr>\n<td><strong>L\u2019Hermione<\/strong><\/td>\n<td>1h30<\/td>\n<td>La descente dans les cales<\/td>\n<\/tr>\n<tr>\n<td><strong>Maison Pierre Loti<\/strong><\/td>\n<td>1h<\/td>\n<td>Le salon m\u00e9di\u00e9val<\/td>\n<\/tr>\n<tr>\n<td><strong>Jardin de la Marine<\/strong><\/td>\n<td>1h<\/td>\n<td>Les palmiers centenaires<\/td>\n<\/tr>\n<p><img loading=\"lazy\" width=\"1200\" height=\"800\" decoding=\"async\" src=\"data:image\/svg+xml,%3Csvg%20xmlns=\" http:=\"\" alt=\"Moins connue que Bordeaux, plus raffin\u00e9e que La Rochelle : cette ville portuaire est la p\u00e9pite de l\u2019Atlantique\" data-lazy-src=\"https:\/\/www.europesays.com\/fr\/wp-content\/uploads\/2026\/01\/pepite_portuaire_de_l_atlantique_6942.jpg\"\/><\/p>\n<p>L\u2019art de vivre rochefortais<\/p>\n<p>Ce qui distingue vraiment cette escale maritime, c\u2019est <strong>son ambiance authentique et d\u00e9contract\u00e9e<\/strong>. Les terrasses du centre-ville accueillent les visiteurs sans cette effervescence touristique qu\u2019on trouve ailleurs. J\u2019ai d\u00e9gust\u00e9 des hu\u00eetres de Marennes-Ol\u00e9ron sur la place Colbert, berc\u00e9e par les conversations des habitants.<\/p>\n<p>Le march\u00e9 couvert, avec ses \u00e9tals d\u00e9bordant de produits locaux, refl\u00e8te l\u2019authenticit\u00e9 gastronomique de cette r\u00e9gion. J\u2019y ai trouv\u00e9 du beurre Charentes-Poitou, des mogettes, du Pineau des Charentes que j\u2019ai ramen\u00e9s dans mes bagages. <strong>Les restaurants familiaux<\/strong> proposent une cuisine maritime g\u00e9n\u00e9reuse, loin des concepts standardis\u00e9s.<\/p>\n<p>Rochefort m\u2019a conquise par sa capacit\u00e9 \u00e0 pr\u00e9server son patrimoine tout en restant vivante. Cette destination m\u00e9rite amplement votre attention lors de votre prochain p\u00e9riple atlantique.<\/p>\n<p><img loading=\"lazy\" decoding=\"async\" src=\"data:image\/svg+xml,%3Csvg%20xmlns=\" http:=\"\" width=\"100\" height=\"100\" alt=\"Anne-Sophie\" itemprop=\"image\" data-lazy-src=\"https:\/\/www.europesays.com\/fr\/wp-content\/uploads\/2025\/06\/Anne-Sophie.jpg\"\/><\/p>\n<p>Je m\u2019appelle Anne-Sophie et je suis la madame voyage en France de carr\u00e9 d\u2019info !<br \/>Exploratrice boh\u00e8me passionn\u00e9e de d\u00e9couvertes. Ma\u00eetrise l\u2019art de d\u00e9nicher les tr\u00e9sors cach\u00e9s des villes et des villages de France .<br \/>Je sait capturer l\u2019essence des lieux en photographies et j\u2019adore vous emmener avec moi pour profiter de notre magnifique pays \ud83d\ude42<\/p>\n","protected":false},"excerpt":{"rendered":"Je vous emm\u00e8ne aujourd\u2019hui dans un lieu qui m\u2019a litt\u00e9ralement envo\u00fbt\u00e9e lors de ma derni\u00e8re escapade en Charente-Maritime.&hellip;\n","protected":false},"author":2,"featured_media":640033,"comment_status":"","ping_status":"","sticky":false,"template":"","format":"standard","meta":{"footnotes":""},"categories":[2817],"tags":[1111,11,74656,1997,1777,674,1011,27,12,2219,74655,25,20595],"class_list":{"0":"post-640032","1":"post","2":"type-post","3":"status-publish","4":"format-standard","5":"has-post-thumbnail","7":"category-bordeaux","8":"tag-actu","9":"tag-actualites","10":"tag-architecture-navale","11":"tag-bordeaux","12":"tag-eu","13":"tag-europe","14":"tag-fr","15":"tag-france","16":"tag-news","17":"tag-nouvelle-aquitaine","18":"tag-patrimoine-maritime-breton","19":"tag-republique-francaise","20":"tag-tourisme-culturel"},"share_on_mastodon":{"url":"https:\/\/pubeurope.com\/@fr\/115836054698204294","error":""},"_links":{"self":[{"href":"https:\/\/www.europesays.com\/fr\/wp-json\/wp\/v2\/posts\/640032","targetHints":{"allow":["GET"]}}],"collection":[{"href":"https:\/\/www.europesays.com\/fr\/wp-json\/wp\/v2\/posts"}],"about":[{"href":"https:\/\/www.europesays.com\/fr\/wp-json\/wp\/v2\/types\/post"}],"author":[{"embeddable":true,"href":"https:\/\/www.europesays.com\/fr\/wp-json\/wp\/v2\/users\/2"}],"replies":[{"embeddable":true,"href":"https:\/\/www.europesays.com\/fr\/wp-json\/wp\/v2\/comments?post=640032"}],"version-history":[{"count":0,"href":"https:\/\/www.europesays.com\/fr\/wp-json\/wp\/v2\/posts\/640032\/revisions"}],"wp:featuredmedia":[{"embeddable":true,"href":"https:\/\/www.europesays.com\/fr\/wp-json\/wp\/v2\/media\/640033"}],"wp:attachment":[{"href":"https:\/\/www.europesays.com\/fr\/wp-json\/wp\/v2\/media?parent=640032"}],"wp:term":[{"taxonomy":"category","embeddable":true,"href":"https:\/\/www.europesays.com\/fr\/wp-json\/wp\/v2\/categories?post=640032"},{"taxonomy":"post_tag","embeddable":true,"href":"https:\/\/www.europesays.com\/fr\/wp-json\/wp\/v2\/tags?post=640032"}],"curies":[{"name":"wp","href":"https:\/\/api.w.org\/{rel}","templated":true}]}}