{"id":640034,"date":"2026-01-04T09:11:15","date_gmt":"2026-01-04T09:11:15","guid":{"rendered":"https:\/\/www.europesays.com\/fr\/640034\/"},"modified":"2026-01-04T09:11:15","modified_gmt":"2026-01-04T09:11:15","slug":"riles-clara-luciani-orelsan-mika-et-louane-attendus-au-zenith-de-toulouse-en-ce-debut-dannee","status":"publish","type":"post","link":"https:\/\/www.europesays.com\/fr\/640034\/","title":{"rendered":"Ril\u00e8s, Clara Luciani, Orelsan, Mika et Louane attendus au Z\u00e9nith de Toulouse en ce d\u00e9but d\u2019ann\u00e9e"},"content":{"rendered":"<p>\n                                                                    l&rsquo;essentiel<br \/>\n                                                                La programmation 2026 du Z\u00e9nith de Toulouse d\u00e9marre sur les chapeaux de roues avec les venues tr\u00e8s attendues de Ril\u00e8s, Clara Luciani, Orelsan, Mika et Louane. Si l\u2019ann\u00e9e s\u2019annonce riche en \u00e9motions pour les fans de pop et de rap, le calendrier subit toutefois ses premiers ajustements de derni\u00e8re minute\u00a0: les repr\u00e9sentations de la com\u00e9die musicale \u00ab\u00a0Les 10 Commandements\u00a0\u00bb ainsi que le concert de La Fouine n\u2019auront finalement pas lieu.\n                            <\/p>\n<p>Le d\u00e9but d\u2019ann\u00e9e 2026 s\u2019annonce \u00e9lectrique pour la Ville Rose. Le\u00a0Z\u00e9nith de Toulouse s\u2019appr\u00eate \u00e0 accueillir une vague d\u2019artistes majeurs, confirmant son statut d\u2019\u00e9tape incontournable des tourn\u00e9es nationales.<\/p>\n<p>Clara Luciani intime<\/p>\n<p>        <img decoding=\"async\" class=\"std-img__img responsive-img\" src=\"https:\/\/www.europesays.com\/fr\/wp-content\/uploads\/2026\/01\/1767517873_116_image.jpg\" alt=\"Clara Luciani lors de son dernier passage au Z\u00e9nith.\"\/><\/p>\n<p>                Clara Luciani lors de son dernier passage au Z\u00e9nith.<br \/>\n                                    DDM archives &#8211; Fr\u00e9d\u00e9ric Charmeux<\/p>\n<p>\u00ab\u00a0Mon sang\u00a0\u00bb, son troisi\u00e8me album, est un disque \u00e9l\u00e9gant et populaire. Un ensemble de titres qui place la famille au c\u0153ur du projet artistique et invite \u00e0 la tendresse. Et pour cause\u2026 En janvier\u00a02023, \u00e0 la fin d\u2019une tourn\u00e9e de plus de 100 concerts, Clara Luciani apprend qu\u2019elle est enceinte. Elle d\u00e9cide alors de faire des neuf mois qui arrivent un havre d\u2019\u00e9criture et de composition. Seule, dans un premier temps, elle \u00e9crit plusieurs dizaines de chansons visc\u00e9rales, puis appelle sa famille musicale pour sculpter cette mati\u00e8re intime \u00e0 plusieurs. Sage, son partenaire de toujours, et Pierrick Devin, d\u00e9j\u00e0 pr\u00e9sent sur \u00ab\u00a0C\u0153ur\u00a0\u00bb, la rejoignent. Avec eux, elle aiguise les compositions et arrangements, qui dessineront le relief de ce nouveau disque organique que le l\u00e9gendaire Mark Spike Stent (Harry Styles, Miley Cyrus, Lady Gaga\u2026) finira de mixer.<\/p>\n<p>Jeudi 22\u00a0janvier \u00e0 20\u00a0h. Tarifs\u00a0: 38 \u00e0 74\u00a0\u20ac.<\/p>\n<p class=\"std-elt__inline\">\n        <strong>\u00c0 lire aussi :<\/strong><br \/>\n        <a href=\"https:\/\/www.ladepeche.fr\/2025\/12\/31\/clara-luciani-au-zenith-de-toulouse-avec-cette-tournee-je-cesse-de-mexcuser-detre-la-13135266.php\" target=\"_blank\" rel=\"noopener\">Clara Luciani au Z\u00e9nith de Toulouse\u00a0: \u00ab\u00a0Avec cette tourn\u00e9e, je cesse de m\u2019excuser d\u2019\u00eatre l\u00e0\u00a0\u00bb<\/a>\n    <\/p>\n<p>Orelsan le retour<\/p>\n<p>        <img decoding=\"async\" class=\"std-img__img responsive-img\" src=\"https:\/\/www.europesays.com\/fr\/wp-content\/uploads\/2026\/01\/1767517874_640_image.jpg\" alt=\"Orelsan\"\/><\/p>\n<p>                Orelsan<br \/>\n                                    DDM archives &#8211; Fr\u00e9d\u00e9ric Charmeux<\/p>\n<p>Il fait son grand retour sur sc\u00e8ne avec Tour 2026. Un show in\u00e9dit, encore plus puissant et surprenant. Avec dix concerts \u00e0 l\u2019Accor Arena et de nombreuses dates dans toute la France, la tourn\u00e9e s\u2019annonce d\u00e9j\u00e0 comme l\u2019\u00e9v\u00e9nement incontournable de l\u2019ann\u00e9e. La mise en vente rencontre un succ\u00e8s hors norme avec plus de 300\u00a0000 billets vendus d\u00e8s le premier jour. Quelques places sont encore disponibles <a href=\"https:\/\/zenith-toulousemetropole.com\/program\" target=\"_blank\" rel=\"noopener\">dans la fosse \u00e0 Toulouse.<\/a><\/p>\n<p>Mercredi 4\u00a0f\u00e9vrier \u00e0 20\u00a0h. Tarifs\u00a0: 45 \u00e0 75\u00a0\u20ac.<\/p>\n<p>Louane la transformation<\/p>\n<p>Apr\u00e8s le report de son concert toulousain du 8\u00a0mai dernier, Louane sera au Z\u00e9nith avec \u00ab\u00a0Solo\u00a0\u00bb, un nouveau projet qui montre une facette in\u00e9dite de l\u2019artiste. Loin de ses complexes d\u2019adolescence, elle s\u2019affirme en embrassant pleinement ses \u00e9motions. Apr\u00e8s 11 ans de carri\u00e8re, Louane se r\u00e9invente et exp\u00e9rimente de nouveaux univers musicaux.<br \/>Sur ce 5e album, elle a notamment collabor\u00e9 avec Tristan Salvati, producteur parisien qui a d\u00e9j\u00e0 travaill\u00e9 avec Ang\u00e8le, C\u0153ur de Pirate ou encore Julien Dor\u00e9, et avec Olivia Merilahti (The D\u00f8), qui a produit le morceau \u00ab\u00a0Souvenirs\u00a0\u00bb.<\/p>\n<p>Vendredi 6\u00a0f\u00e9vrier \u00e0 20\u00a0h. Tarifs\u00a0: 32 \u00e0 65\u00a0\u20ac.<\/p>\n<p>Le ph\u00e9nom\u00e8ne Ril\u00e8s<\/p>\n<p>Il a marqu\u00e9 la derni\u00e8re \u00e9dition du Rose Festival par son charisme, ses danses, son \u00e9nergie communicative. V\u00e9ritable showman, le rappeur est de retour \u00e0 Toulouse pour un concert qui s\u2019annonce tonique. Avec son premier album \u00ab\u00a0Welcome to the Jungle\u00a0\u00bb, sorti en 2019, Ril\u00e8s entreprend une tourn\u00e9e des Z\u00e9niths \u00e0 guichets ferm\u00e9s, fort de plusieurs ann\u00e9es de pr\u00e9sence sur la toile avec sa cha\u00eene Youtube. \u00ab\u00a0Survival Mode\u00a0\u00bb, sorti le 10\u00a0janvier dernier, a \u00e9t\u00e9 un retour en triomphe pour Ril\u00e8s. La performance \u00ab\u00a0Survival Run\u00a0\u00bb qui a consist\u00e9 \u00e0 courir 24\u00a0heures sans s\u2019arr\u00eater sur un tapis roulant\u2026 a eu un \u00e9cho international, atteignant pr\u00e8s de 22\u00a0millions de vues en 24\u00a0h.<\/p>\n<p>Samedi 7\u00a0f\u00e9vrier \u00e0 20\u00a0h. Tarifs\u00a0: 44 \u00e0 64\u00a0\u20ac.<\/p>\n<p class=\"std-elt__inline\">\n        <strong>\u00c0 lire aussi :<\/strong><br \/>\n        <a href=\"https:\/\/www.ladepeche.fr\/2025\/12\/31\/aya-nakamura-au-rose-festival-carolyn-carlson-au-capitole-voici-les-10-spectacles-a-voir-absolument-a-toulouse-en-2026-13135496.php\" target=\"_blank\" rel=\"noopener\">Aya Nakamura au Rose Festival, Carolyn Carlson au Capitole\u2026 Voici les 10 spectacles \u00e0 voir absolument \u00e0 Toulouse en 2026<\/a>\n    <\/p>\n<p>Mika international<\/p>\n<p>        <img decoding=\"async\" class=\"std-img__img responsive-img\" src=\"https:\/\/www.europesays.com\/fr\/wp-content\/uploads\/2026\/01\/1767517875_518_image.jpg\" alt=\"Mika.\"\/><\/p>\n<p>                Mika.<br \/>\n                                    DDM &#8211; Emilie Cayre<\/p>\n<p>La star de la pop lance en 2026 sa plus grande tourn\u00e9e \u00e0 travers l\u2019Europe. Son Spinning Out Tour passe par Toulouse apr\u00e8s un show triomphal en 2023 avec son sixi\u00e8me album studio \u00ab\u00a0Que ta t\u00eate fleurisse toujours\u00a0\u00bb, certifi\u00e9 Disque d\u2019Or en France, et une tourn\u00e9e \u00e0 guichets ferm\u00e9s. Mika est retourn\u00e9 en studio pour travailler sur son premier album en anglais \u00ab\u00a0Hyperlove\u00a0\u00bb qui sort en 2026. Un nouvel opus dansant pour une pop encore plus futuriste.<\/p>\n<p>Samedi 28\u00a0f\u00e9vrier \u00e0 20\u00a0h. Tarifs\u00a0: 55 \u00e0 88\u00a0\u20ac.<\/p>\n<p>    Annulations<\/p>\n<p>Trois concerts sont annul\u00e9s en ce d\u00e9but d\u2019ann\u00e9e au Z\u00e9nith de Toulouse. Il s\u2019agit des \u00ab\u00a010 commandements\u00a0\u00bb\u00a0le 7\u00a0janvier, de La Fouine le 21\u00a0janvier et de Ascendant Vierge le 31\u00a0janvier.<\/p>\n","protected":false},"excerpt":{"rendered":"l&rsquo;essentiel La programmation 2026 du Z\u00e9nith de Toulouse d\u00e9marre sur les chapeaux de roues avec les venues tr\u00e8s&hellip;\n","protected":false},"author":2,"featured_media":640035,"comment_status":"","ping_status":"","sticky":false,"template":"","format":"standard","meta":{"footnotes":""},"categories":[2816],"tags":[1111,11,4156,872,1777,674,1011,27,2722,12,2680,25,853,2312],"class_list":{"0":"post-640034","1":"post","2":"type-post","3":"status-publish","4":"format-standard","5":"has-post-thumbnail","7":"category-toulouse","8":"tag-actu","9":"tag-actualites","10":"tag-concerts","11":"tag-culture-et-loisirs","12":"tag-eu","13":"tag-europe","14":"tag-fr","15":"tag-france","16":"tag-haute-garonne","17":"tag-news","18":"tag-occitanie","19":"tag-republique-francaise","20":"tag-spectacles","21":"tag-toulouse"},"share_on_mastodon":{"url":"https:\/\/pubeurope.com\/@fr\/115836058733097601","error":""},"_links":{"self":[{"href":"https:\/\/www.europesays.com\/fr\/wp-json\/wp\/v2\/posts\/640034","targetHints":{"allow":["GET"]}}],"collection":[{"href":"https:\/\/www.europesays.com\/fr\/wp-json\/wp\/v2\/posts"}],"about":[{"href":"https:\/\/www.europesays.com\/fr\/wp-json\/wp\/v2\/types\/post"}],"author":[{"embeddable":true,"href":"https:\/\/www.europesays.com\/fr\/wp-json\/wp\/v2\/users\/2"}],"replies":[{"embeddable":true,"href":"https:\/\/www.europesays.com\/fr\/wp-json\/wp\/v2\/comments?post=640034"}],"version-history":[{"count":0,"href":"https:\/\/www.europesays.com\/fr\/wp-json\/wp\/v2\/posts\/640034\/revisions"}],"wp:featuredmedia":[{"embeddable":true,"href":"https:\/\/www.europesays.com\/fr\/wp-json\/wp\/v2\/media\/640035"}],"wp:attachment":[{"href":"https:\/\/www.europesays.com\/fr\/wp-json\/wp\/v2\/media?parent=640034"}],"wp:term":[{"taxonomy":"category","embeddable":true,"href":"https:\/\/www.europesays.com\/fr\/wp-json\/wp\/v2\/categories?post=640034"},{"taxonomy":"post_tag","embeddable":true,"href":"https:\/\/www.europesays.com\/fr\/wp-json\/wp\/v2\/tags?post=640034"}],"curies":[{"name":"wp","href":"https:\/\/api.w.org\/{rel}","templated":true}]}}