{"id":640038,"date":"2026-01-04T09:13:09","date_gmt":"2026-01-04T09:13:09","guid":{"rendered":"https:\/\/www.europesays.com\/fr\/640038\/"},"modified":"2026-01-04T09:13:09","modified_gmt":"2026-01-04T09:13:09","slug":"franck-thilliez-a-lille-pour-presenter-ladaptation-bd-dun-de-ses-romans-a-succes","status":"publish","type":"post","link":"https:\/\/www.europesays.com\/fr\/640038\/","title":{"rendered":"Franck Thilliez \u00e0 Lille pour pr\u00e9senter l\u2019adaptation BD d\u2019un de ses romans \u00e0 succ\u00e8s"},"content":{"rendered":"<p>                    Par<br \/>\n        <strong><br \/>\n            <a href=\"https:\/\/actu.fr\/auteur\/amandine-vachez\" title=\"Consulter tous les articles de Amandine Vachez\" target=\"_blank\" rel=\"noopener\">Amandine Vachez<\/a><br \/>\n                    <\/strong><\/p>\n<p>        Publi\u00e9 le<\/p>\n<p>            4 janv. 2026 \u00e0 8h30        <\/p>\n<p>Si vous connaissez <b>Franck Thilliez,<\/b> vous n\u2019\u00eates sans doute pas \u00e9tranger \u00e0 son personnage f\u00e9tiche <b>Franck Sharko<\/b>. On le retrouve <b>d\u2019une mani\u00e8re in\u00e9dite, en BD<\/b>, avec le concours du <b>dessinateur Michel Montheillet.<\/b> Le duo sera \u00e0 <a href=\"https:\/\/actu.fr\/lille\/\" target=\"_blank\" rel=\"noopener\">Lille<\/a> (Nord) le <b>mercredi 14<\/b>\u00a0<b>janvier 2026<\/b> pour une <b>rencontre-d\u00e9dicace <\/b>\u00e0 la<b> Fnac<\/b>, pour l\u2019adaptation du roman 1991.<\/p>\n<p>Un polar mis en images<\/p>\n<p class=\" wall-content\">C\u2019est une autre mani\u00e8re de d\u00e9couvrir l\u2019univers de celui que l\u2019on appelle le \u00ab\u2009roi du polar fran\u00e7ais\u2009\u00bb.\u00a0L\u2019auteur Franck Thilliez et le dessinateur de bandes dessin\u00e9es viennent \u00e9changer avec leurs lecteurs \u00e0 l\u2019occasion d\u2019une rencontre autour de leur BD 1991, \u00e0 l\u2019issue de laquelle les pr\u00e9sents pourront profiter d\u2019une s\u00e9ance de d\u00e9dicaces.<\/p>\n<p class=\" wall-content\">L\u2019occasion d\u2019en apprendre plus sur les coulisses de cr\u00e9ation de ce bel ouvrage \u00e9dit\u00e9 chez Phil\u00e9as, sc\u00e9naris\u00e9 par Luc Brunschwig.<\/p>\n<p>    <a href=\"https:\/\/www.facebook.com\/plugins\/post.php?href=https%3A%2F%2Fwww.facebook.com%2Ffranck.thilliez%2Fposts%2Fpfbid0HCaC9PSHsPTksUvyYYopPDV3KzpHjXTXmyTUvJJKMdWNKZzyjaKBunBURsC2pvjnl&amp;show_text=true&amp;width=350\" title=\"Ouvrie le lien\" target=\"_blank\" rel=\"noopener\">Cliquez ici pour visualiser le contenu<\/a><\/p>\n<p>Les auteurs et l\u2019ouvrage en quelques mots<\/p>\n<p class=\" wall-content\">Petite piqure de rappel\u2009: N\u00e9 en 1973 \u00e0 Annecy, Franck Thilliez est un \u00e9crivain et sc\u00e9nariste fran\u00e7ais sp\u00e9cialis\u00e9 dans les thrillers. Connaissant le succ\u00e8s gr\u00e2ce aux enqu\u00eates de son commissaire Franck Sharko et de l\u2019inspectrice Lucie Henebelle, il est l\u2019un des auteurs du genre les plus vendus en France.<\/p>\n<p class=\" wall-content\">Michel Montheillet est n\u00e9 \u00e0 Lyon en 1968. Il est un dessinateur et sc\u00e9nariste de bande dessin\u00e9e. Form\u00e9 aux Beaux-Arts puis au graphisme publicitaire, il passe par l\u2019animation avant d\u2019illustrer des livres-jeux chez Hachette Jeunesse. Il est l\u2019illustrateur de l\u2019adaptation BD des sagas de Maxime Chattam (Autre-Monde, La Trilogie du mal) et collabore \u00e0 de nombreux ouvrages consacr\u00e9s aux super-h\u00e9ros qui le passionnent.<\/p>\n<p class=\" wall-content\">Pour vous situer sur l\u2019ouvrage\u2009: nous sommes en\u2026 1991, bien s\u00fbr. Franck Sharko n\u2019est qu\u2019un bleu fra\u00eechement affect\u00e9 au mythique 36, quai des Orf\u00e8vres. Il tente d\u2019apporter un regard neuf sur l\u2019affaire non r\u00e9solue des \u00ab\u2009Disparues du sud parisien\u2009\u00bb, des femmes enlev\u00e9es et tu\u00e9es. La photo d\u2019une femme sequestr\u00e9e va relancer le cold case\u2026 La premi\u00e8re enqu\u00eate sous pression du flic f\u00e9tiche de Franck Thilliez\u2009!<\/p>\n<p>Votre r\u00e9gion, votre actu !<\/p>\n<p>Recevez chaque jour les infos qui comptent pour vous.<\/p>\n<p>\t<a href=\"https:\/\/actu.fr\/newsletter\" class=\"ac-btn ac-btn--corner ac-btn--medium ac-btn--blue800\" target=\"_blank\" rel=\"noopener\">S&rsquo;incrire<\/a><br \/>\nCet \u00e9v\u00e9nement est gratuit. Il se tiendra d\u00e8s 17\u2009h\u200930 le 14\u00a0janvier 2026 \u00e0 la Fnac de Lille, et sera accessible dans la limite des places disponibles. Plus d\u2019infos <a href=\"https:\/\/leclaireur.fnac.com\/evenement\/cp69453-franck-thilliez-et-michel-montheillet-en-rencontre-dedicace-a-la-fnac-lille\/\" target=\"_blank\" rel=\"noopener\">par ici<\/a>.<\/p>\n<p class=\" wall-content\">Personnalisez votre actualit\u00e9 en ajoutant vos villes et m\u00e9dias en favori avec <a href=\"https:\/\/moncompte.actu.fr\" title=\"D\u00e9couvez Mon Actu\" rel=\"nofollow noopener\" data-trk=\"{&quot;cta&quot;:{&quot;action&quot;:&quot;https:\\\/\\\/moncompte.actu.fr&quot;,&quot;category&quot;:&quot;mon compte&quot;,&quot;from&quot;:&quot;article footer&quot;,&quot;name&quot;:&quot;Mon actu&quot;,&quot;type&quot;:&quot;cta&quot;}}\" target=\"_blank\">Mon Actu<\/a>.<\/p>\n","protected":false},"excerpt":{"rendered":"Par Amandine Vachez Publi\u00e9 le 4 janv. 2026 \u00e0 8h30 Si vous connaissez Franck Thilliez, vous n\u2019\u00eates sans&hellip;\n","protected":false},"author":2,"featured_media":640039,"comment_status":"","ping_status":"","sticky":false,"template":"","format":"standard","meta":{"footnotes":""},"categories":[2815],"tags":[1111,11,1777,674,1011,27,811,1307,1652,12,973,25],"class_list":{"0":"post-640038","1":"post","2":"type-post","3":"status-publish","4":"format-standard","5":"has-post-thumbnail","7":"category-lille","8":"tag-actu","9":"tag-actualites","10":"tag-eu","11":"tag-europe","12":"tag-fr","13":"tag-france","14":"tag-hauts-de-france","15":"tag-lille","16":"tag-loisirs-culture","17":"tag-news","18":"tag-people","19":"tag-republique-francaise"},"share_on_mastodon":{"url":"https:\/\/pubeurope.com\/@fr\/115836066539427382","error":""},"_links":{"self":[{"href":"https:\/\/www.europesays.com\/fr\/wp-json\/wp\/v2\/posts\/640038","targetHints":{"allow":["GET"]}}],"collection":[{"href":"https:\/\/www.europesays.com\/fr\/wp-json\/wp\/v2\/posts"}],"about":[{"href":"https:\/\/www.europesays.com\/fr\/wp-json\/wp\/v2\/types\/post"}],"author":[{"embeddable":true,"href":"https:\/\/www.europesays.com\/fr\/wp-json\/wp\/v2\/users\/2"}],"replies":[{"embeddable":true,"href":"https:\/\/www.europesays.com\/fr\/wp-json\/wp\/v2\/comments?post=640038"}],"version-history":[{"count":0,"href":"https:\/\/www.europesays.com\/fr\/wp-json\/wp\/v2\/posts\/640038\/revisions"}],"wp:featuredmedia":[{"embeddable":true,"href":"https:\/\/www.europesays.com\/fr\/wp-json\/wp\/v2\/media\/640039"}],"wp:attachment":[{"href":"https:\/\/www.europesays.com\/fr\/wp-json\/wp\/v2\/media?parent=640038"}],"wp:term":[{"taxonomy":"category","embeddable":true,"href":"https:\/\/www.europesays.com\/fr\/wp-json\/wp\/v2\/categories?post=640038"},{"taxonomy":"post_tag","embeddable":true,"href":"https:\/\/www.europesays.com\/fr\/wp-json\/wp\/v2\/tags?post=640038"}],"curies":[{"name":"wp","href":"https:\/\/api.w.org\/{rel}","templated":true}]}}