{"id":640040,"date":"2026-01-04T09:14:16","date_gmt":"2026-01-04T09:14:16","guid":{"rendered":"https:\/\/www.europesays.com\/fr\/640040\/"},"modified":"2026-01-04T09:14:16","modified_gmt":"2026-01-04T09:14:16","slug":"bruno-genesio-lille-na-apprecie-ni-larbitrage-de-rennes-lille-ni-celui-de-toulouse-rc-lens","status":"publish","type":"post","link":"https:\/\/www.europesays.com\/fr\/640040\/","title":{"rendered":"Bruno Genesio (Lille) n&rsquo;a appr\u00e9ci\u00e9 ni l&rsquo;arbitrage de Rennes-Lille, ni celui de Toulouse-RC Lens&#8230;"},"content":{"rendered":"<p>Samedi, <a href=\"https:\/\/www.lensois.com\/l1-j17-wahi-reussit-ses-debuts-avec-nice-frankowski-au-bon-souvenir-des-derbys\/\" target=\"_blank\" rel=\"noopener\">Lille a \u00e9t\u00e9 battu 2-0 \u00e0 domicile par Rennes, avec notamment un but de l\u2019ex <strong>Lensois Przemyslaw Frankowski<\/strong><\/a>. Les Dogues ont jou\u00e9 ce match \u00e0 10 apr\u00e8s l\u2019expulsion d\u2019Alexsandro d\u00e8s la 13\u2019.<\/p>\n<p>Pas d\u2019accord avec la d\u00e9cision d\u2019<strong>Eric Wattellier<\/strong> d\u2019expulser le d\u00e9fenseur qu\u2019il a jug\u00e9 en situation d\u2019annihilation d\u2019une action de but, les Lillois se sont montr\u00e9s tr\u00e8s en col\u00e8re sous pr\u00e9texte que l\u2019action s\u2019est d\u00e9roul\u00e9e de fa\u00e7on tr\u00e8s excentr\u00e9e par rapport au but. A commencer par Bruno G\u00e9n\u00e9sio qui a \u00e9t\u00e9 entendu au moment de rentrer aux vestiaires \u00e0 la pause : \u00ab Depuis hier, il n y\u2019a que des merdes, c\u2019est pire encore que l\u2019ann\u00e9e derni\u00e8re, et lui c\u2019est le number one, lui c\u2019est le top du top. \u00bb On peut y devenir 2 r\u00e9f\u00e9rences : \u00ab Hier \u00bb, c\u2019est \u00e9videmment le seul match jou\u00e9 vendredi et la victoire 3-0 du RC Lens \u00e0 Toulouse avec un carton rouge qui fait d\u00e9bat attribu\u00e9 \u00e0 Emersonn peu avant la demi-heure de jeu, pour un tacle non ma\u00eetris\u00e9 (Odsonne Edouard est sorti bless\u00e9 10 minutes plus tard).<\/p>\n<p>Une grosse dent contre Eric Wattellier, arbitre du derby<\/p>\n<p><img loading=\"lazy\" decoding=\"async\" class=\"size-medium wp-image-263330 aligncenter lazyload\" alt=\"\" width=\"600\" height=\"400\" src=\"https:\/\/www.europesays.com\/fr\/wp-content\/uploads\/2026\/01\/arbitre-wattelier-600x400.jpg\" data-eio-rwidth=\"600\" data-eio-rheight=\"400\"\/><\/p>\n<p>Mais le \u201cnumber one\u201d, c\u2019est Eric Wattellier. Il \u00e9tait notamment l\u2019arbitre du derby perdu 3-0 par les Lillois \u00e0 Bollaert. Son arbitrage avait alors \u00e9t\u00e9 d\u00e9j\u00e0 contest\u00e9 par les Lillois apr\u00e8s la rencontre. Le pr\u00e9sident Olivier L\u00e9tang a lui aussi fustig\u00e9 l\u2019arbitre dans les couloirs. L\u2019homme en noir a d\u2019ailleurs r\u00e9pondu : \u00abVous allez le faire \u00e0 chaque fois ? \u00c0 chaque fois que je prends une d\u00e9cision contre vous, vous \u00eates dans les couloirs. C\u2019est inadmissible ! \u00bb Bruno G\u00e9n\u00e9sio n\u2019est quant \u00e0 lui pas venu s\u2019exprimer en conf\u00e9rence de presse apr\u00e8s le match.<\/p>\n<p>Enfin, alors que leur tribune \u00e9tait ferm\u00e9e sur d\u00e9cision de la commission de discipline (usage d\u2019engins pyrotechniques), les DVE, ultras lillois, avaient \u00e9t\u00e9 d\u00e9plac\u00e9s pr\u00e8s de la tribune de presse. Selon ce que rapporte <a href=\"https:\/\/www.lequipe.fr\/Football\/Actualites\/Genesio-retenu-par-ses-joueurs-letang-qui-s-emporte-beye-qui-le-recadre-craquage-a-tous-les-etages-a-lille\/1631031\" target=\"_blank\" rel=\"noopener\">L\u2019Equipe<\/a>, les journalistes ont alors pu entendre un floril\u00e8ge de chants homophobes contre Lens, la Ligue, l\u2019arbitre ou encore les m\u00e9dias eux-m\u00eames.<\/p>\n","protected":false},"excerpt":{"rendered":"Samedi, Lille a \u00e9t\u00e9 battu 2-0 \u00e0 domicile par Rennes, avec notamment un but de l\u2019ex Lensois Przemyslaw&hellip;\n","protected":false},"author":2,"featured_media":640041,"comment_status":"","ping_status":"","sticky":false,"template":"","format":"standard","meta":{"footnotes":""},"categories":[2815],"tags":[1111,11,1777,674,1011,27,811,1307,12,25],"class_list":{"0":"post-640040","1":"post","2":"type-post","3":"status-publish","4":"format-standard","5":"has-post-thumbnail","7":"category-lille","8":"tag-actu","9":"tag-actualites","10":"tag-eu","11":"tag-europe","12":"tag-fr","13":"tag-france","14":"tag-hauts-de-france","15":"tag-lille","16":"tag-news","17":"tag-republique-francaise"},"share_on_mastodon":{"url":"https:\/\/pubeurope.com\/@fr\/115836070558865616","error":""},"_links":{"self":[{"href":"https:\/\/www.europesays.com\/fr\/wp-json\/wp\/v2\/posts\/640040","targetHints":{"allow":["GET"]}}],"collection":[{"href":"https:\/\/www.europesays.com\/fr\/wp-json\/wp\/v2\/posts"}],"about":[{"href":"https:\/\/www.europesays.com\/fr\/wp-json\/wp\/v2\/types\/post"}],"author":[{"embeddable":true,"href":"https:\/\/www.europesays.com\/fr\/wp-json\/wp\/v2\/users\/2"}],"replies":[{"embeddable":true,"href":"https:\/\/www.europesays.com\/fr\/wp-json\/wp\/v2\/comments?post=640040"}],"version-history":[{"count":0,"href":"https:\/\/www.europesays.com\/fr\/wp-json\/wp\/v2\/posts\/640040\/revisions"}],"wp:featuredmedia":[{"embeddable":true,"href":"https:\/\/www.europesays.com\/fr\/wp-json\/wp\/v2\/media\/640041"}],"wp:attachment":[{"href":"https:\/\/www.europesays.com\/fr\/wp-json\/wp\/v2\/media?parent=640040"}],"wp:term":[{"taxonomy":"category","embeddable":true,"href":"https:\/\/www.europesays.com\/fr\/wp-json\/wp\/v2\/categories?post=640040"},{"taxonomy":"post_tag","embeddable":true,"href":"https:\/\/www.europesays.com\/fr\/wp-json\/wp\/v2\/tags?post=640040"}],"curies":[{"name":"wp","href":"https:\/\/api.w.org\/{rel}","templated":true}]}}