{"id":640042,"date":"2026-01-04T09:15:12","date_gmt":"2026-01-04T09:15:12","guid":{"rendered":"https:\/\/www.europesays.com\/fr\/640042\/"},"modified":"2026-01-04T09:15:12","modified_gmt":"2026-01-04T09:15:12","slug":"marche-de-noel-et-foire-aux-santons-a-marseille-un-million-de-visiteurs","status":"publish","type":"post","link":"https:\/\/www.europesays.com\/fr\/640042\/","title":{"rendered":"March\u00e9 de No\u00ebl et foire aux santons \u00e0 Marseille : un million de visiteurs"},"content":{"rendered":"<p>Avant de refermer <a href=\"https:\/\/www.laprovence.com\/article\/societe\/1697750691405315\/c-est-une-parenthese-enchantee-les-marseillais-en-nombre-pour-assister-au-top-depart-des-illuminations-de-noel\" target=\"_blank\" rel=\"noopener\">la parenth\u00e8se de No\u00ebl<\/a>, l\u2019heure est au bilan du c\u00f4t\u00e9 du Vieux-Port. Les chalets du march\u00e9 de No\u00ebl et de la foire aux santons accueilleront leurs derniers clients ce dimanche 4 janvier avant de refermer les portes jusqu\u2019\u00e0 l\u2019ann\u00e9e prochaine. Les services de la Ville ont ainsi comptabilis\u00e9 \u00ab\u00a0un million de visiteurs\u00a0\u00bb sur les deux sites. Si sur le bas de la Canebi\u00e8re, les cinquante commer\u00e7ants se disent satisfaits malgr\u00e9 \u00ab\u00a0une fr\u00e9quentation en dents de scie\u00a0\u00bb, du c\u00f4t\u00e9 des santonniers, le sourire est bien au rendez-vous. \u00ab\u00a0Car malgr\u00e9 le froid et quelques journ\u00e9es d\u2019intemp\u00e9ries, nous avons r\u00e9alis\u00e9 les m\u00eames chiffres que l\u2019an pass\u00e9\u00a0\u00bb, rel\u00e8ve <a href=\"https:\/\/www.laprovence.com\/article\/region\/98024822864709\/la-foire-aux-santons-revient-sur-le-vieux-port-a-marseille-avec-21-artisans-presents\" target=\"_blank\" rel=\"noopener\">Michel Bouvier, pr\u00e9sident de l\u2019Union des fabricants de santons de Provence<\/a>.<\/p>\n<p>Devant les \u00e9tals des 21 artisans de cette 223e \u00e9dition, quelques curieux effectuent encore leurs achats. C\u2019est le cas d\u2019Ana, 42\u00a0ans, qui ne manque jamais de ramener un santon de Marseille. \u00ab\u00a0Je viens ici\u00a0pour le r\u00e9veillon du 31 et tradition oblige, je choisis un nouveau personnage pour ma cr\u00e8che du prochain No\u00ebl. Cette ann\u00e9e, des p\u00eacheurs et une barquette\u2026\u00a0\u00bb <a href=\"https:\/\/www.laprovence.com\/article\/elections\/33051364494225\/video-municipales-2026-a-marseille-la-foire-aux-santons-du-vieux-port-etape-incontournable-des-candidats\" target=\"_blank\" rel=\"noopener\">La plus ancienne foire aux santons de France<\/a> compte encore sur ses fid\u00e8les et s\u00e9duit aussi des novices en la mati\u00e8re. \u00ab\u00a0Ce que nous avons le plus vendu\u00a0? Des saintes familles. C\u2019est-\u00e0-dire que nous avons eu beaucoup de personnes qui d\u00e9marraient leur cr\u00e8che. Soit parce qu\u2019ils n\u2019en avaient jamais fait avant, soit ce sont des parents qui ont donn\u00e9 la leur aux enfants et qui red\u00e9marrent la tradition\u00a0\u00bb, sourit Michel Bouvier.<\/p>\n<p>\u00ab\u00a0Les Am\u00e9ricains ou les Britanniques sont toujours \u00e9tonn\u00e9s quand ils d\u00e9ambulent ici\u00a0\u00bb<\/p>\n<p>Sur son \u00e9tal, pas de nouveaut\u00e9s mais des pi\u00e8ces d\u2019argile de 2 \u00e0 18\u00a0cm que r\u00e9alisait d\u00e9j\u00e0 son grand-p\u00e8re. \u00ab\u00a0Nous avons \u00e9chang\u00e9 avec beaucoup de touristes. Si les Italiens ou Espagnols connaissent les santons, les Am\u00e9ricains ou les Britanniques sont toujours \u00e9tonn\u00e9s quand ils d\u00e9ambulent ici. Ils se demandent comment nous parvenons \u00e0 gagner notre vie alors que l\u2019on fabrique tous la m\u00eame chose\u00a0! Alors on leur explique et on leur montre que chacun a son histoire et sa propre signature\u2026\u00a0\u00bb, sourit-il.<\/p>\n<p>Les santonniers commenceront \u00e0 remballer leurs histoires \u00e0 partir de lundi 5\u00a0janvier, jour o\u00f9 dispara\u00eetront aussi les chalets du march\u00e9, la patinoire et la piste de toboggan qui ont accueilli 48\u00a0000 amateurs de glisse durant les deux semaines de vacances.<\/p>\n<p><img alt=\"Le march\u00e9 de No\u00ebl et la foire aux santons vivent ce dimanche 3 janvier leurs derni\u00e8res heures.\" loading=\"lazy\" decoding=\"async\" data-nimg=\"fill\" class=\" TwicCore_img__i9TC1 undefined  undefined\" style=\"position:absolute;height:100%;width:100%;left:0;top:0;right:0;bottom:0;color:transparent;background-size:cover;background-position:50% 50%;background-repeat:no-repeat;background-image:url(&quot;data:image\/svg+xml;charset=utf-8,%3Csvg xmlns='http:\/\/www.w3.org\/2000\/svg' %3E%3Cfilter id='b' color-interpolation-filters='sRGB'%3E%3CfeGaussianBlur stdDeviation='20'\/%3E%3CfeColorMatrix values='1 0 0 0 0 0 1 0 0 0 0 0 1 0 0 0 0 0 100 -1' result='s'\/%3E%3CfeFlood x='0' y='0' width='100%25' height='100%25'\/%3E%3CfeComposite operator='out' in='s'\/%3E%3CfeComposite in2='SourceGraphic'\/%3E%3CfeGaussianBlur stdDeviation='20'\/%3E%3C\/filter%3E%3Cimage width='100%25' height='100%25' x='0' y='0' preserveAspectRatio='none' style='filter: url(%23b);' href='https:\/\/pictures.laprovence.com\/cdn-cgi\/image\/blur=250\/media\/melody\/2026\/01\/04\/le-noel-marseillais-2025-2026-marche-de-noel-sur-la-canebiere-commerces-noel-030126fsh01-1767513389_923182af39596a63182af39599a318v_.jpg'\/%3E%3C\/svg%3E&quot;)\"   src=\"https:\/\/www.europesays.com\/fr\/wp-content\/uploads\/2026\/01\/le-noel-marseillais-2025-2026-marche-de-noel-sur-la-canebiere-commerces-noel-030126fsh01-1767513389_.jpeg\"\/>Le march\u00e9 de No\u00ebl et la foire aux santons vivent ce dimanche 3 janvier leurs derni\u00e8res heures. \/ Photo Frederic Speich<\/p>\n<p>Organis\u00e9es par la Ville, deux soir\u00e9es ont \u00e9galement rythm\u00e9 les festivit\u00e9s sur le Vieux-Port\u00a0: 18\u00a0000 spectateurs ont assist\u00e9 au ballet a\u00e9rien propos\u00e9 par la compagnie Zenit le 13\u00a0d\u00e9cembre et 80\u00a0000, au spectacle de drones et feux d\u2019artifice le 20\u00a0d\u00e9cembre.<\/p>\n","protected":false},"excerpt":{"rendered":"Avant de refermer la parenth\u00e8se de No\u00ebl, l\u2019heure est au bilan du c\u00f4t\u00e9 du Vieux-Port. Les chalets du&hellip;\n","protected":false},"author":2,"featured_media":640043,"comment_status":"","ping_status":"","sticky":false,"template":"","format":"standard","meta":{"footnotes":""},"categories":[2814],"tags":[5734,1111,11,1007,33,1777,674,4434,1011,27,2089,884,12107,12,15830,471,882,25,11046],"class_list":{"0":"post-640042","1":"post","2":"type-post","3":"status-publish","4":"format-standard","5":"has-post-thumbnail","7":"category-marseille","8":"tag-5734","9":"tag-actu","10":"tag-actualites","11":"tag-aux","12":"tag-economie","13":"tag-eu","14":"tag-europe","15":"tag-foire","16":"tag-fr","17":"tag-france","18":"tag-marche","19":"tag-marseille","20":"tag-million","21":"tag-news","22":"tag-noel","23":"tag-pour","24":"tag-provence-alpes-cote-dazur","25":"tag-republique-francaise","26":"tag-visiteurs"},"share_on_mastodon":{"url":"https:\/\/pubeurope.com\/@fr\/115836074341627555","error":""},"_links":{"self":[{"href":"https:\/\/www.europesays.com\/fr\/wp-json\/wp\/v2\/posts\/640042","targetHints":{"allow":["GET"]}}],"collection":[{"href":"https:\/\/www.europesays.com\/fr\/wp-json\/wp\/v2\/posts"}],"about":[{"href":"https:\/\/www.europesays.com\/fr\/wp-json\/wp\/v2\/types\/post"}],"author":[{"embeddable":true,"href":"https:\/\/www.europesays.com\/fr\/wp-json\/wp\/v2\/users\/2"}],"replies":[{"embeddable":true,"href":"https:\/\/www.europesays.com\/fr\/wp-json\/wp\/v2\/comments?post=640042"}],"version-history":[{"count":0,"href":"https:\/\/www.europesays.com\/fr\/wp-json\/wp\/v2\/posts\/640042\/revisions"}],"wp:featuredmedia":[{"embeddable":true,"href":"https:\/\/www.europesays.com\/fr\/wp-json\/wp\/v2\/media\/640043"}],"wp:attachment":[{"href":"https:\/\/www.europesays.com\/fr\/wp-json\/wp\/v2\/media?parent=640042"}],"wp:term":[{"taxonomy":"category","embeddable":true,"href":"https:\/\/www.europesays.com\/fr\/wp-json\/wp\/v2\/categories?post=640042"},{"taxonomy":"post_tag","embeddable":true,"href":"https:\/\/www.europesays.com\/fr\/wp-json\/wp\/v2\/tags?post=640042"}],"curies":[{"name":"wp","href":"https:\/\/api.w.org\/{rel}","templated":true}]}}