{"id":640046,"date":"2026-01-04T09:17:09","date_gmt":"2026-01-04T09:17:09","guid":{"rendered":"https:\/\/www.europesays.com\/fr\/640046\/"},"modified":"2026-01-04T09:17:09","modified_gmt":"2026-01-04T09:17:09","slug":"sous-surveillance-depuis-plusieurs-jours-un-point-de-deal-tombe-a-villeurbanne","status":"publish","type":"post","link":"https:\/\/www.europesays.com\/fr\/640046\/","title":{"rendered":"Sous surveillance depuis plusieurs jours, un point de deal tombe \u00e0 Villeurbanne"},"content":{"rendered":"<p itemprop=\"description\"><strong>Chaque matin, le m\u00eame rituel se r\u00e9p\u00e9tait sous les yeux des enqu\u00eateurs. \u00a0<\/strong><\/p>\n<p>L&rsquo;intervention s&rsquo;est d\u00e9roul\u00e9e le 1er janvier 2026 \u00e0 Villeurbanne, au 39 avenue du 8-Mai-1945. Selon nos informations, un groupe de s\u00e9curit\u00e9 de proximit\u00e9 (GSP) menait depuis plusieurs jours une op\u00e9ration de surveillance suite \u00e0 une enqu\u00eate pr\u00e9liminaire sur un point de vente de produits stup\u00e9fiants implant\u00e9 \u00e0 cette adresse.<\/p>\n<p>Au cours des surveillances, les policiers ont constat\u00e9 qu\u2019un individu, identifi\u00e9 comme Monsieur S, venait chaque matin mettre en place le point de deal. Selon une source s\u00e9curitaire, cet homme quittait son domicile situ\u00e9 rue Saint-Jean \u00e0 Villeurbanne en possession de produits stup\u00e9fiants, avant de se rendre avenue du 8-Mai-1945 afin d\u2019alimenter le point de vente.<\/p>\n<p>Le jour de l\u2019intervention, les effectifs du GSP ont proc\u00e9d\u00e9 \u00e0 l\u2019interpellation d\u2019un acheteur \u2014 \u00e2g\u00e9 de 30 ans, n\u00e9 en Tunisie\u2014 sur la commune de Villeurbanne. Avec l\u2019appui d&rsquo;un \u00e9quipage de la BAC, le vendeur du jour \u2014 un SDF \u00e2g\u00e9 de 36 ans, n\u00e9 au Maroc \u2014 a \u00e9galement \u00e9t\u00e9 interpell\u00e9 directement sur le point de deal, o\u00f9 des produits stup\u00e9fiants ont \u00e9t\u00e9 retrouv\u00e9s.<\/p>\n<p>Dans le m\u00eame temps, un autre \u00e9quipage du GSP, accompagn\u00e9 d\u2019un officier de police judiciaire, proc\u00e9dait \u00e0 l\u2019interpellation de Monsieur S, le g\u00e9rant pr\u00e9sum\u00e9 \u00e2g\u00e9 de 22 ans et natif de Vaulx-en-Velin. Les policiers se sont ensuite rendus \u00e0 son domicile de Villeurbanne afin d\u2019y effectuer une perquisition, laquelle s\u2019est r\u00e9v\u00e9l\u00e9e positive.<\/p>\n<p>Au total, les forces de l\u2019ordre ont saisi 73,9 g de coca\u00efne, pr\u00e8s de 2kg de r\u00e9sine de cannabis et plus de 147g d\u2019herbe de cannabis.\u00a0<\/p>\n","protected":false},"excerpt":{"rendered":"Chaque matin, le m\u00eame rituel se r\u00e9p\u00e9tait sous les yeux des enqu\u00eateurs. \u00a0 L&rsquo;intervention s&rsquo;est d\u00e9roul\u00e9e le 1er&hellip;\n","protected":false},"author":2,"featured_media":640047,"comment_status":"","ping_status":"","sticky":false,"template":"","format":"standard","meta":{"footnotes":""},"categories":[1889],"tags":[1111,11,2813,2190,2430,1109,251,1112,2811,1777,674,118,1011,27,1922,1110,1114,2428,2810,12,241,316,25,2812,517,800],"class_list":{"0":"post-640046","1":"post","2":"type-post","3":"status-publish","4":"format-standard","5":"has-post-thumbnail","7":"category-lyon","8":"tag-actu","9":"tag-actualites","10":"tag-article","11":"tag-asvel","12":"tag-auvergne-rhone-alpes","13":"tag-breves","14":"tag-culture","15":"tag-depeches","16":"tag-economique","17":"tag-eu","18":"tag-europe","19":"tag-faits-divers","20":"tag-fr","21":"tag-france","22":"tag-info","23":"tag-informations","24":"tag-infos","25":"tag-lyon","26":"tag-lyonmag","27":"tag-news","28":"tag-ol","29":"tag-politique","30":"tag-republique-francaise","31":"tag-sociale","32":"tag-sport","33":"tag-transports"},"share_on_mastodon":{"url":"https:\/\/pubeurope.com\/@fr\/115836082229973983","error":""},"_links":{"self":[{"href":"https:\/\/www.europesays.com\/fr\/wp-json\/wp\/v2\/posts\/640046","targetHints":{"allow":["GET"]}}],"collection":[{"href":"https:\/\/www.europesays.com\/fr\/wp-json\/wp\/v2\/posts"}],"about":[{"href":"https:\/\/www.europesays.com\/fr\/wp-json\/wp\/v2\/types\/post"}],"author":[{"embeddable":true,"href":"https:\/\/www.europesays.com\/fr\/wp-json\/wp\/v2\/users\/2"}],"replies":[{"embeddable":true,"href":"https:\/\/www.europesays.com\/fr\/wp-json\/wp\/v2\/comments?post=640046"}],"version-history":[{"count":0,"href":"https:\/\/www.europesays.com\/fr\/wp-json\/wp\/v2\/posts\/640046\/revisions"}],"wp:featuredmedia":[{"embeddable":true,"href":"https:\/\/www.europesays.com\/fr\/wp-json\/wp\/v2\/media\/640047"}],"wp:attachment":[{"href":"https:\/\/www.europesays.com\/fr\/wp-json\/wp\/v2\/media?parent=640046"}],"wp:term":[{"taxonomy":"category","embeddable":true,"href":"https:\/\/www.europesays.com\/fr\/wp-json\/wp\/v2\/categories?post=640046"},{"taxonomy":"post_tag","embeddable":true,"href":"https:\/\/www.europesays.com\/fr\/wp-json\/wp\/v2\/tags?post=640046"}],"curies":[{"name":"wp","href":"https:\/\/api.w.org\/{rel}","templated":true}]}}