{"id":640052,"date":"2026-01-04T09:21:09","date_gmt":"2026-01-04T09:21:09","guid":{"rendered":"https:\/\/www.europesays.com\/fr\/640052\/"},"modified":"2026-01-04T09:21:09","modified_gmt":"2026-01-04T09:21:09","slug":"le-prefet-de-police-de-paris-rappelle-a-lordre-les-gerants-de-bar-et-de-discotheque","status":"publish","type":"post","link":"https:\/\/www.europesays.com\/fr\/640052\/","title":{"rendered":"le pr\u00e9fet de Police de Paris rappelle \u00e0 l&rsquo;ordre les g\u00e9rants de bar et de discoth\u00e8que"},"content":{"rendered":"<p>                    Par<br \/>\n        <strong><br \/>\n            <a href=\"https:\/\/actu.fr\/auteur\/antoine-grotteria02\" title=\"Consulter tous les articles de Antoine Grotteria\" target=\"_blank\" rel=\"noopener\">Antoine Grotteria<\/a><br \/>\n                    <\/strong><\/p>\n<p>        Publi\u00e9 le<\/p>\n<p>            4 janv. 2026 \u00e0 10h01        <\/p>\n<p>Un drame et un rappel \u00e0 l\u2019ordre. Alors que la Suisse peine \u00e0 se relever du terrible <a href=\"https:\/\/actu.fr\/monde\/une-explosion-dans-un-bar-de-nuit-fait-plusieurs-morts-dans-une-station-de-ski-en-suisse_63642153.html\" target=\"_blank\" rel=\"noopener\">incendie<\/a> survenu dans un bar de Crans-Montana, qui a fait 40 morts et 119 bless\u00e9s, la question du <strong>respect des normes de s\u00e9curit\u00e9<\/strong> dans les <strong>\u00e9tablissements de nuit<\/strong> affleure. C\u2019est la raison pour laquelle le <a href=\"https:\/\/actu.fr\/ile-de-france\/paris_75056\/insecurite-delinquance-les-defis-de-patrice-faure-nouveau-patron-de-la-prefecture-de-police-de-paris_63356137.html\" target=\"_blank\" rel=\"noopener\">pr\u00e9fet de Police de Paris<\/a>, <a href=\"https:\/\/actu.fr\/tag\/patrice-faure\" target=\"_blank\" rel=\"noopener\">Patrice Faure<\/a>, s\u2019est fendu d\u2019une lettre adress\u00e9e aux <strong>principaux repr\u00e9sentants du secteur<\/strong>. La missive, dat\u00e9e du vendredi 2\u00a0janvier 2026 a \u00e9t\u00e9 relay\u00e9e sur les <a href=\"https:\/\/actu.fr\/tag\/reseaux-sociaux\" target=\"_blank\" rel=\"noopener\">r\u00e9seaux sociaux<\/a>.<\/p>\n<p>Des obligations l\u00e9gales<\/p>\n<p class=\" wall-content\">Le haut fonctionnaire demande aux repr\u00e9sentants \u00ab\u00a0d\u2019attirer particuli\u00e8rement l\u2019attention des exploitants\u00a0\u00bb sur plusieurs aspects. Parmi eux, \u00ab\u00a0le respect de la <strong>jauge<\/strong> admis\u00a0\u00bb, \u00ab\u00a0l\u2019interdiction de d\u00e9p\u00f4t d\u2019objet ou de mat\u00e9riel ou de d\u00e9gagements de mat\u00e9riel permettant l\u2019\u00e9vacuation des personnes\u00a0\u00bb, le \u00ab\u00a0maintien libre, en permanence, des <strong>issues<\/strong> de l\u2019\u00e9tablissement\u00a0\u00bb, \u00ab\u00a0l\u2019interdiction de<strong> bougies<\/strong> ou de <strong>flammes nues<\/strong>\u00a0\u00bb ou encore \u00ab\u00a0la v\u00e9rification du bon fonctionnement des \u00e9quipements de s\u00e9curit\u00e9.<\/p>\n<p class=\" wall-content\">\n<p class=\" wall-content\">Ce rappel r\u00e9glementaire se pare d\u2019un avertissement. Des <strong>contr\u00f4les<\/strong> seront men\u00e9s pour \u00e9valuer la conformit\u00e9 des \u00e9tablissements \u00e0 la loi. \u00ab\u2009Je sais pouvoir compter sur votre implication\u2009\u00bb, a ainsi clos Patrice Faure d\u2019une \u00e9criture manuscrite.<\/p>\n<p class=\" wall-content\">En Suisse, une <strong>enqu\u00eate<\/strong> a \u00e9t\u00e9 ouverte pour d\u00e9terminer les causes de l\u2019incendie ayant ravag\u00e9 le bar La Constellation \u00e0 Crans-Montana. Les autorit\u00e9s de la conf\u00e9d\u00e9ration ont d\u00e9j\u00e0 fait savoir que le feu s\u2019\u00e9tait d\u00e9clar\u00e9 en raison de bougies incandescentes sur des bouteilles de champagne.<\/p>\n<p class=\" wall-content\">Vis\u00e9s par une instruction p\u00e9nale, les deux g\u00e9rants fran\u00e7ais, \u00e9galement propri\u00e9taires d\u2019autres bars dans la station de ski, se sont d\u00e9fendus de toute n\u00e9gligence en indiquant \u00e0 la presse suisse qu\u2019ils avaient \u00e9t\u00e9 contr\u00f4l\u00e9s \u00ab<strong>\u2009trois fois en dix ans\u2009\u00bb<\/strong>.<\/p>\n<p class=\" wall-content\">Personnalisez votre actualit\u00e9 en ajoutant vos villes et m\u00e9dias en favori avec <a href=\"https:\/\/moncompte.actu.fr\" title=\"D\u00e9couvez Mon Actu\" rel=\"nofollow noopener\" data-trk=\"{&quot;cta&quot;:{&quot;action&quot;:&quot;https:\\\/\\\/moncompte.actu.fr&quot;,&quot;category&quot;:&quot;mon compte&quot;,&quot;from&quot;:&quot;article footer&quot;,&quot;name&quot;:&quot;Mon actu&quot;,&quot;type&quot;:&quot;cta&quot;}}\" target=\"_blank\">Mon Actu<\/a>.<\/p>\n","protected":false},"excerpt":{"rendered":"Par Antoine Grotteria Publi\u00e9 le 4 janv. 2026 \u00e0 10h01 Un drame et un rappel \u00e0 l\u2019ordre. Alors&hellip;\n","protected":false},"author":2,"featured_media":640053,"comment_status":"","ping_status":"","sticky":false,"template":"","format":"standard","meta":{"footnotes":""},"categories":[1888],"tags":[1111,1928,11,1927,215,1777,674,1011,27,1310,12,1926,626,1925,74658,25,104],"class_list":{"0":"post-640052","1":"post","2":"type-post","3":"status-publish","4":"format-standard","5":"has-post-thumbnail","7":"category-paris","8":"tag-actu","9":"tag-actu-paris","10":"tag-actualites","11":"tag-actualites-paris","12":"tag-commerce","13":"tag-eu","14":"tag-europe","15":"tag-fr","16":"tag-france","17":"tag-incendie","18":"tag-news","19":"tag-news-paris","20":"tag-paris","21":"tag-paris-news","22":"tag-patrice-faure","23":"tag-republique-francaise","24":"tag-societe"},"share_on_mastodon":{"url":"https:\/\/pubeurope.com\/@fr\/115836097919694967","error":""},"_links":{"self":[{"href":"https:\/\/www.europesays.com\/fr\/wp-json\/wp\/v2\/posts\/640052","targetHints":{"allow":["GET"]}}],"collection":[{"href":"https:\/\/www.europesays.com\/fr\/wp-json\/wp\/v2\/posts"}],"about":[{"href":"https:\/\/www.europesays.com\/fr\/wp-json\/wp\/v2\/types\/post"}],"author":[{"embeddable":true,"href":"https:\/\/www.europesays.com\/fr\/wp-json\/wp\/v2\/users\/2"}],"replies":[{"embeddable":true,"href":"https:\/\/www.europesays.com\/fr\/wp-json\/wp\/v2\/comments?post=640052"}],"version-history":[{"count":0,"href":"https:\/\/www.europesays.com\/fr\/wp-json\/wp\/v2\/posts\/640052\/revisions"}],"wp:featuredmedia":[{"embeddable":true,"href":"https:\/\/www.europesays.com\/fr\/wp-json\/wp\/v2\/media\/640053"}],"wp:attachment":[{"href":"https:\/\/www.europesays.com\/fr\/wp-json\/wp\/v2\/media?parent=640052"}],"wp:term":[{"taxonomy":"category","embeddable":true,"href":"https:\/\/www.europesays.com\/fr\/wp-json\/wp\/v2\/categories?post=640052"},{"taxonomy":"post_tag","embeddable":true,"href":"https:\/\/www.europesays.com\/fr\/wp-json\/wp\/v2\/tags?post=640052"}],"curies":[{"name":"wp","href":"https:\/\/api.w.org\/{rel}","templated":true}]}}